{"id":20922,"date":"2024-07-08T05:19:50","date_gmt":"2024-07-08T05:19:50","guid":{"rendered":"https:\/\/ecosdelsur.com\/?p=20922"},"modified":"2024-07-08T05:19:50","modified_gmt":"2024-07-08T05:19:50","slug":"emergencia-climatica-el-gobierno-provincial-distribuye-forraje-para-el-ganado-de-santa-cruz","status":"publish","type":"post","link":"https:\/\/ecosdelsur.com\/?p=20922","title":{"rendered":"Emergencia clim\u00e1tica: El Gobierno Provincial distribuye forraje para el ganado de Santa Cruz"},"content":{"rendered":"<p><span style=\"font-size: 16px;\">Como parte de las acciones y gestiones que lleva adelante el Gobierno de Santa Cruz en el marco de la Emergencia Clim\u00e1tica, adquiri\u00f3 m\u00e1s de 1.100.000 kilos de pellets de alfalfa para asistir a m\u00e1s de 150 productores de la provincia. Los mismos ir\u00e1n llegando en 40 camiones de manera continua a lo largo de esta semana.<img decoding=\"async\" class=\"alignnone size-large wp-image-20923 lazyload\" data-src=\"https:\/\/ecosdelsur.com\/wp-content\/uploads\/2024\/07\/WhatsApp_Image_2024-07-07_at_1.47.23_PM-1024x473.jpeg\" alt=\"\" width=\"800\" height=\"370\" data-srcset=\"https:\/\/ecosdelsur.com\/wp-content\/uploads\/2024\/07\/WhatsApp_Image_2024-07-07_at_1.47.23_PM-scaled.jpeg 1024w, https:\/\/ecosdelsur.com\/wp-content\/uploads\/2024\/07\/WhatsApp_Image_2024-07-07_at_1.47.23_PM-300x139.jpeg 300w, https:\/\/ecosdelsur.com\/wp-content\/uploads\/2024\/07\/WhatsApp_Image_2024-07-07_at_1.47.23_PM-768x355.jpeg 768w\" data-sizes=\"(max-width: 800px) 100vw, 800px\" src=\"data:image\/svg+xml;base64,PHN2ZyB3aWR0aD0iMSIgaGVpZ2h0PSIxIiB4bWxucz0iaHR0cDovL3d3dy53My5vcmcvMjAwMC9zdmciPjwvc3ZnPg==\" style=\"--smush-placeholder-width: 800px; --smush-placeholder-aspect-ratio: 800\/370;\" \/><\/span><\/p>\n<div class=\"itemFullText\">\n<p>Esta informaci\u00f3n fue dada a conocer por el presidente Consejo Agrario Provincial, Adri\u00e1n Su\u00e1rez, quien brind\u00f3 precisiones al respecto.<\/p>\n<p>En primera instancia, destac\u00f3 que hoy lleg\u00f3 a la localidad de Las Heras, el primer cami\u00f3n con forraje, consistente en pellets de alfalfa. El mismo forma parte de la flota de 40 camiones que ir\u00e1n llegando en el transcurso de la semana.<img decoding=\"async\" class=\"alignnone size-large wp-image-20924 lazyload\" data-src=\"https:\/\/ecosdelsur.com\/wp-content\/uploads\/2024\/07\/WhatsApp_Image_2024-07-07_at_1.47.24_PM-1-1024x576.jpeg\" alt=\"\" width=\"800\" height=\"450\" data-srcset=\"https:\/\/ecosdelsur.com\/wp-content\/uploads\/2024\/07\/WhatsApp_Image_2024-07-07_at_1.47.24_PM-1-scaled.jpeg 1024w, https:\/\/ecosdelsur.com\/wp-content\/uploads\/2024\/07\/WhatsApp_Image_2024-07-07_at_1.47.24_PM-1-300x169.jpeg 300w, https:\/\/ecosdelsur.com\/wp-content\/uploads\/2024\/07\/WhatsApp_Image_2024-07-07_at_1.47.24_PM-1-768x432.jpeg 768w, https:\/\/ecosdelsur.com\/wp-content\/uploads\/2024\/07\/WhatsApp_Image_2024-07-07_at_1.47.24_PM-1-1536x864.jpeg 1536w\" data-sizes=\"(max-width: 800px) 100vw, 800px\" src=\"data:image\/svg+xml;base64,PHN2ZyB3aWR0aD0iMSIgaGVpZ2h0PSIxIiB4bWxucz0iaHR0cDovL3d3dy53My5vcmcvMjAwMC9zdmciPjwvc3ZnPg==\" style=\"--smush-placeholder-width: 800px; --smush-placeholder-aspect-ratio: 800\/450;\" \/><\/p>\n<p>\u201cEn primer t\u00e9rmino se asistir\u00e1 a productores que est\u00e1n en extrema emergencia. Ser\u00e1n m\u00e1s de 150 productores y se distribuir\u00e1 m\u00e1s de 1.100.000 kilos de forraje\u201d, se\u00f1al\u00f3. Asimismo, precis\u00f3 que se har\u00e1 especial \u00e9nfasis en los peque\u00f1os y medianos productores, \u201cpor lo cual habr\u00e1 un tope de hasta 2.000 animales ovinos y 250 bovinos como l\u00edmite del subsidio\u201d.<\/p>\n<p>\u201cCon esta acci\u00f3n se espera llegar a cubrir a 20.000 cabezas de vacunos y 700.000 de ovinos que como lo se\u00f1al\u00e9 est\u00e1n en extrema emergencia en la provincia de Santa Cruz\u201d, recalc\u00f3.<\/p>\n<\/div>\n","protected":false},"excerpt":{"rendered":"<p>Como parte de las acciones y gestiones que lleva adelante el Gobierno de Santa Cruz en el marco de la<\/p>\n","protected":false},"author":8,"featured_media":20925,"comment_status":"closed","ping_status":"closed","sticky":false,"template":"","format":"standard","meta":{"footnotes":""},"categories":[87],"tags":[],"class_list":["post-20922","post","type-post","status-publish","format-standard","has-post-thumbnail","hentry","category-provinciales"],"_links":{"self":[{"href":"https:\/\/ecosdelsur.com\/index.php?rest_route=\/wp\/v2\/posts\/20922","targetHints":{"allow":["GET"]}}],"collection":[{"href":"https:\/\/ecosdelsur.com\/index.php?rest_route=\/wp\/v2\/posts"}],"about":[{"href":"https:\/\/ecosdelsur.com\/index.php?rest_route=\/wp\/v2\/types\/post"}],"author":[{"embeddable":true,"href":"https:\/\/ecosdelsur.com\/index.php?rest_route=\/wp\/v2\/users\/8"}],"replies":[{"embeddable":true,"href":"https:\/\/ecosdelsur.com\/index.php?rest_route=%2Fwp%2Fv2%2Fcomments&post=20922"}],"version-history":[{"count":0,"href":"https:\/\/ecosdelsur.com\/index.php?rest_route=\/wp\/v2\/posts\/20922\/revisions"}],"wp:featuredmedia":[{"embeddable":true,"href":"https:\/\/ecosdelsur.com\/index.php?rest_route=\/wp\/v2\/media\/20925"}],"wp:attachment":[{"href":"https:\/\/ecosdelsur.com\/index.php?rest_route=%2Fwp%2Fv2%2Fmedia&parent=20922"}],"wp:term":[{"taxonomy":"category","embeddable":true,"href":"https:\/\/ecosdelsur.com\/index.php?rest_route=%2Fwp%2Fv2%2Fcategories&post=20922"},{"taxonomy":"post_tag","embeddable":true,"href":"https:\/\/ecosdelsur.com\/index.php?rest_route=%2Fwp%2Fv2%2Ftags&post=20922"}],"curies":[{"name":"wp","href":"https:\/\/api.w.org\/{rel}","templated":true}]}}