{"id":20791,"date":"2024-07-05T02:36:12","date_gmt":"2024-07-05T02:36:12","guid":{"rendered":"https:\/\/ecosdelsur.com\/?p=20791"},"modified":"2024-07-05T02:36:12","modified_gmt":"2024-07-05T02:36:12","slug":"municipio-y-fuveco-definen-trabajos-en-conjunto","status":"publish","type":"post","link":"https:\/\/ecosdelsur.com\/?p=20791","title":{"rendered":"Municipio y FUVECO definen trabajos en conjunto"},"content":{"rendered":"<div class=\"itemToolbar2\">\n<p><span class=\"itemDateCreated\">Jueves, 04 Julio 2024 &#8211; <\/span>D\u00edas atr\u00e1s Secretarios de las distintas \u00e1reas del Municipio mantuvieron una reuni\u00f3n junto a los representantes de la Federaci\u00f3n de Uniones Vecinales de Caleta Olivia (FUVECO) con el objetivo de comenzar a trabajar mancomunadamente en las diferentes problem\u00e1ticas que afectan a los barrios de la ciudad.<\/p>\n<\/div>\n<p>En dicha reuni\u00f3n se presentaron 8 puntos que incluyen la reparaci\u00f3n de las calles, control de canes sueltos, recolecci\u00f3n de residuos, seguridad vial, servicios en general, entre otros.<\/p>\n<p>En este contexto, Andrea Bay\u00f3n, subsecretaria Estrategia y Gesti\u00f3n Operativa, manifest\u00f3 que la reuni\u00f3n fue muy positiva y remarc\u00f3 que se fue explicando c\u00f3mo viene trabajando la Municipalidad en cada punto expuesto por los miembros de la FUVECO.<\/p>\n<p>\u201cCon respecto a lo que es seguridad vial, ya se colocaron los reductores en la calle Eva Per\u00f3n, precisamente en el sector del Hospital Zonal, tambi\u00e9n se est\u00e1 viendo la compra de sem\u00e1foros, pintura para marcar las sendas peatonales, un m\u00f3dulo de control, carteler\u00eda y m\u00e1s reductores. Esto surge a trav\u00e9s de la decisi\u00f3n del Intendente que se comprometi\u00f3 a invertir en un plan de seguridad vial que contemplara la zona mencionada como muchas otras\u201d, asever\u00f3.<\/p>\n<p>Adem\u00e1s, adelant\u00f3 que desde el \u00e1rea de Tr\u00e1nsito y C\u00f3mputos se est\u00e1 trabajando en la aplicaci\u00f3n del mapa de accidentolog\u00eda vial.<\/p>\n<p>\u201cA partir de esto se va a ir viendo cu\u00e1les son los puntos rojos para abordar los sectores m\u00e1s complejos donde ocurren la mayor parte colisiones vehiculares. Calculamos que para los primeros d\u00edas de agosto se continuar\u00e1 avanzando en todas las tareas pendientes relacionadas con este plan\u201d, sostuvo.<\/p>\n<p>Por \u00faltimo, agreg\u00f3 que el 13 y 14 de septiembre la FUVECO realizar\u00e1 el Congreso Vecinalista donde tambi\u00e9n trabajar\u00e1n en conjunto con la Universidad local.<\/p>\n","protected":false},"excerpt":{"rendered":"<p>Jueves, 04 Julio 2024 &#8211; D\u00edas atr\u00e1s Secretarios de las distintas \u00e1reas del Municipio mantuvieron una reuni\u00f3n junto a los<\/p>\n","protected":false},"author":8,"featured_media":20792,"comment_status":"closed","ping_status":"closed","sticky":false,"template":"","format":"standard","meta":{"footnotes":""},"categories":[40],"tags":[],"class_list":["post-20791","post","type-post","status-publish","format-standard","has-post-thumbnail","hentry","category-municipales"],"_links":{"self":[{"href":"https:\/\/ecosdelsur.com\/index.php?rest_route=\/wp\/v2\/posts\/20791","targetHints":{"allow":["GET"]}}],"collection":[{"href":"https:\/\/ecosdelsur.com\/index.php?rest_route=\/wp\/v2\/posts"}],"about":[{"href":"https:\/\/ecosdelsur.com\/index.php?rest_route=\/wp\/v2\/types\/post"}],"author":[{"embeddable":true,"href":"https:\/\/ecosdelsur.com\/index.php?rest_route=\/wp\/v2\/users\/8"}],"replies":[{"embeddable":true,"href":"https:\/\/ecosdelsur.com\/index.php?rest_route=%2Fwp%2Fv2%2Fcomments&post=20791"}],"version-history":[{"count":0,"href":"https:\/\/ecosdelsur.com\/index.php?rest_route=\/wp\/v2\/posts\/20791\/revisions"}],"wp:featuredmedia":[{"embeddable":true,"href":"https:\/\/ecosdelsur.com\/index.php?rest_route=\/wp\/v2\/media\/20792"}],"wp:attachment":[{"href":"https:\/\/ecosdelsur.com\/index.php?rest_route=%2Fwp%2Fv2%2Fmedia&parent=20791"}],"wp:term":[{"taxonomy":"category","embeddable":true,"href":"https:\/\/ecosdelsur.com\/index.php?rest_route=%2Fwp%2Fv2%2Fcategories&post=20791"},{"taxonomy":"post_tag","embeddable":true,"href":"https:\/\/ecosdelsur.com\/index.php?rest_route=%2Fwp%2Fv2%2Ftags&post=20791"}],"curies":[{"name":"wp","href":"https:\/\/api.w.org\/{rel}","templated":true}]}}