{"id":20787,"date":"2024-07-05T00:53:07","date_gmt":"2024-07-05T00:53:07","guid":{"rendered":"https:\/\/ecosdelsur.com\/?p=20787"},"modified":"2024-07-05T01:48:29","modified_gmt":"2024-07-05T01:48:29","slug":"vocal-por-los-padres-advierte-que-no-se-cumple-el-calendario-escolar-en-santa-cruz","status":"publish","type":"post","link":"https:\/\/ecosdelsur.com\/?p=20787","title":{"rendered":"Vocal por los padres advierte que no se cumple el calendario escolar en Santa Cruz"},"content":{"rendered":"<p>Jueves, 04 Julio 2024 &#8211; \u00a0Nuevo reclamo por el estado de las escuelas y la falta de clases.<\/p>\n<p>La Vocal Por los Padres Nahir Castillo present\u00f3 una nota con car\u00e1cter de urgente ante las autoridades del Consejo Provincial de Educaci\u00f3n reclamando por la falta de clases y el estado de las escuelas.<\/p>\n<p>Castillo manifest\u00f3 que pese a las declaraciones y anuncios nunca se encar\u00f3 un relevamiento general de las escuelas ni se present\u00f3 un plan de trabajo y mantenimiento que permita programar tareas.<\/p>\n<p>\u201cPresentamos una nota ante El Consejo Provincial de Educaci\u00f3n para manifestar nuevamente nuestra preocupaci\u00f3n y la preocupaci\u00f3n continua que me est\u00e1n trasladando los padres sobre la falta de cumplimiento del calendario escolar debido a problemas edilicios.\u201d<\/p>\n<p>Los padres reclaman ante la continua suspensi\u00f3n de actividades por el mal estado de las escuelas. Tambi\u00e9n por la falta de seguridad para los alumnos y la improvisaci\u00f3n del Consejo de Educaci\u00f3n.<\/p>\n<p>La Vocal ante el CPE pidi\u00f3 al Gobierno que de forma urgente instrumente un ACABADO y URGENTE relevamiento de la situaci\u00f3n tanto de todos los establecimientos educativos de la Provincia.<\/p>\n<p>Nahir Castillo present\u00f3 adem\u00e1s un detalle de algunas escuelas que tienen graves problemas. Remarc\u00f3 por ejemplo el SECUNDARIO N\u00b0 9 de El Calafate, que tiene problemas en su\u00a0 calefacci\u00f3n, p\u00e9rdidas de agua, pisos levantados y vidrios rotos. Tambi\u00e9n detall\u00f3 los problemas que presenta la escuela INDUSTRIAL N\u00b0 4 de R\u00edo Gallegos que cuenta con un solo gimnasio, ya que el de la ENET N\u00b0 1 se encuentra en desuso por p\u00e9simas condiciones; los alumnos tienen los recreos en un pasillo debido a que el gimnasio central est\u00e1 en uso con clases de educaci\u00f3n f\u00edsica. Tambi\u00e9n la EPP N\u00b0 39 de R\u00edo Gallegos, donde no hay calderas en un ala completa, lo que genera que varios cursos deban rotar.<\/p>\n<p>Otra de las escuelas se\u00f1aladas es el CPES 23 de R\u00edo Gallegos, donde el segundo piso no cuenta con calefacci\u00f3n desde hace dos meses, lo que obliga a rotar los cursos una vez por d\u00eda; o la EPP 41 que tiene dos calderas sin funcionar. Tambi\u00e9n se mencion\u00f3 el caso de la escuela Industrial N\u00b0 6 que tiene los ba\u00f1os de planta alta clausurados; a la \u00a0E P P 58 que no tiene clases desde hace dos semanas.<\/p>\n<p>La Vocal por los padres solicit\u00f3 al Gobierno provincial que se articulen todos los medios necesarios a fin de solucionar los problemas edilicios que est\u00e1n impidiendo el normal cumplimiento del calendario acad\u00e9mico.<\/p>\n<p>La nota fue presentada con copia al Vicegobernador de la provincia y a los titulares de cada uno de los bloques parlamentarios que integran la Legislatura provincial, y se solicita que la misma sea le\u00edda en la pr\u00f3xima sesi\u00f3n.<\/p>\n<p>\u201cNecesitamos respuestas y gesti\u00f3n. Falta gesti\u00f3n para solucionar los problemas de las escuelas\u201d, concluy\u00f3 Nahir Castillo.<\/p>\n","protected":false},"excerpt":{"rendered":"<p>Jueves, 04 Julio 2024 &#8211; \u00a0Nuevo reclamo por el estado de las escuelas y la falta de clases. La Vocal<\/p>\n","protected":false},"author":8,"featured_media":20788,"comment_status":"closed","ping_status":"closed","sticky":false,"template":"","format":"standard","meta":{"footnotes":""},"categories":[89],"tags":[],"class_list":["post-20787","post","type-post","status-publish","format-standard","has-post-thumbnail","hentry","category-educacion"],"_links":{"self":[{"href":"https:\/\/ecosdelsur.com\/index.php?rest_route=\/wp\/v2\/posts\/20787","targetHints":{"allow":["GET"]}}],"collection":[{"href":"https:\/\/ecosdelsur.com\/index.php?rest_route=\/wp\/v2\/posts"}],"about":[{"href":"https:\/\/ecosdelsur.com\/index.php?rest_route=\/wp\/v2\/types\/post"}],"author":[{"embeddable":true,"href":"https:\/\/ecosdelsur.com\/index.php?rest_route=\/wp\/v2\/users\/8"}],"replies":[{"embeddable":true,"href":"https:\/\/ecosdelsur.com\/index.php?rest_route=%2Fwp%2Fv2%2Fcomments&post=20787"}],"version-history":[{"count":0,"href":"https:\/\/ecosdelsur.com\/index.php?rest_route=\/wp\/v2\/posts\/20787\/revisions"}],"wp:featuredmedia":[{"embeddable":true,"href":"https:\/\/ecosdelsur.com\/index.php?rest_route=\/wp\/v2\/media\/20788"}],"wp:attachment":[{"href":"https:\/\/ecosdelsur.com\/index.php?rest_route=%2Fwp%2Fv2%2Fmedia&parent=20787"}],"wp:term":[{"taxonomy":"category","embeddable":true,"href":"https:\/\/ecosdelsur.com\/index.php?rest_route=%2Fwp%2Fv2%2Fcategories&post=20787"},{"taxonomy":"post_tag","embeddable":true,"href":"https:\/\/ecosdelsur.com\/index.php?rest_route=%2Fwp%2Fv2%2Ftags&post=20787"}],"curies":[{"name":"wp","href":"https:\/\/api.w.org\/{rel}","templated":true}]}}