{"id":20781,"date":"2024-07-04T22:01:24","date_gmt":"2024-07-04T22:01:24","guid":{"rendered":"https:\/\/ecosdelsur.com\/?p=20781"},"modified":"2024-07-04T22:01:24","modified_gmt":"2024-07-04T22:01:24","slug":"avanzan-las-obras-del-sipger-en-la-zona-norte-de-la-provincia","status":"publish","type":"post","link":"https:\/\/ecosdelsur.com\/?p=20781","title":{"rendered":"Avanzan las obras del SIPGER en la zona norte de la provincia"},"content":{"rendered":"<p>El Secretario Adjunto del SIPGER, Nallib Rivera, mantuvo una reuni\u00f3n con los referentes Carlos P\u00e1ez (Caleta Olivia), Marcelo Rus (Pico Truncado) y Dami\u00e1n Medina (Las Heras) en la sede caletense. <img decoding=\"async\" class=\"alignnone size-full wp-image-20782 lazyload\" data-src=\"https:\/\/ecosdelsur.com\/wp-content\/uploads\/2024\/07\/449772232_862950809199653_6622005480227572274_n.jpg\" alt=\"\" width=\"1024\" height=\"576\" data-srcset=\"https:\/\/ecosdelsur.com\/wp-content\/uploads\/2024\/07\/449772232_862950809199653_6622005480227572274_n.jpg 1024w, https:\/\/ecosdelsur.com\/wp-content\/uploads\/2024\/07\/449772232_862950809199653_6622005480227572274_n-300x169.jpg 300w, https:\/\/ecosdelsur.com\/wp-content\/uploads\/2024\/07\/449772232_862950809199653_6622005480227572274_n-768x432.jpg 768w\" data-sizes=\"(max-width: 1024px) 100vw, 1024px\" src=\"data:image\/svg+xml;base64,PHN2ZyB3aWR0aD0iMSIgaGVpZ2h0PSIxIiB4bWxucz0iaHR0cDovL3d3dy53My5vcmcvMjAwMC9zdmciPjwvc3ZnPg==\" style=\"--smush-placeholder-width: 1024px; --smush-placeholder-aspect-ratio: 1024\/576;\" \/>Durante el encuentro se trataron los avances de las obras que la instituci\u00f3n, liderada por Rafael G\u00fcenchenen, lleva a cabo en la zona norte de la provincia.<img decoding=\"async\" class=\"alignnone size-full wp-image-20784 lazyload\" data-src=\"https:\/\/ecosdelsur.com\/wp-content\/uploads\/2024\/07\/449783160_862950859199648_8734812917424295035_n.jpg\" alt=\"\" width=\"1024\" height=\"600\" data-srcset=\"https:\/\/ecosdelsur.com\/wp-content\/uploads\/2024\/07\/449783160_862950859199648_8734812917424295035_n.jpg 1024w, https:\/\/ecosdelsur.com\/wp-content\/uploads\/2024\/07\/449783160_862950859199648_8734812917424295035_n-300x176.jpg 300w, https:\/\/ecosdelsur.com\/wp-content\/uploads\/2024\/07\/449783160_862950859199648_8734812917424295035_n-768x450.jpg 768w\" data-sizes=\"(max-width: 1024px) 100vw, 1024px\" src=\"data:image\/svg+xml;base64,PHN2ZyB3aWR0aD0iMSIgaGVpZ2h0PSIxIiB4bWxucz0iaHR0cDovL3d3dy53My5vcmcvMjAwMC9zdmciPjwvc3ZnPg==\" style=\"--smush-placeholder-width: 1024px; --smush-placeholder-aspect-ratio: 1024\/600;\" \/> Del mismo modo, se trazaron los pr\u00f3ximos pasos a seguir para continuar con las edificaciones y mejoras que el sindicato realiza en las diferentes sedes gremiales. Se destac\u00f3 el inicio de una nueva etapa en la construcci\u00f3n del polideportivo m\u00e1s grande de la regi\u00f3n, que se ubica en Caleta Olivia. En ese sentido, se coordin\u00f3 un trabajo en equipo entre las sedes. \u201cSabemos que es una de las construcciones m\u00e1s importantes para nuestra instituci\u00f3n y para la regi\u00f3n. Vamos trabajar todos juntos en esta obra, como lo hicimos en todas las otras de la provincia, para concretarla y poder darle un espacio con todas las comodidades a los trabajadores y toda la comunidad, como lo pide nuestro Secretario General Rafael G\u00fcenchenen\u201d, dijo Nallib Rivera. Gesti\u00f3n Rafael G\u00fcenchenen Secretario General SIPGER<\/p>\n","protected":false},"excerpt":{"rendered":"<p>El Secretario Adjunto del SIPGER, Nallib Rivera, mantuvo una reuni\u00f3n con los referentes Carlos P\u00e1ez (Caleta Olivia), Marcelo Rus (Pico<\/p>\n","protected":false},"author":8,"featured_media":20783,"comment_status":"closed","ping_status":"closed","sticky":false,"template":"","format":"standard","meta":{"footnotes":""},"categories":[368],"tags":[],"class_list":["post-20781","post","type-post","status-publish","format-standard","has-post-thumbnail","hentry","category-gremiales"],"_links":{"self":[{"href":"https:\/\/ecosdelsur.com\/index.php?rest_route=\/wp\/v2\/posts\/20781","targetHints":{"allow":["GET"]}}],"collection":[{"href":"https:\/\/ecosdelsur.com\/index.php?rest_route=\/wp\/v2\/posts"}],"about":[{"href":"https:\/\/ecosdelsur.com\/index.php?rest_route=\/wp\/v2\/types\/post"}],"author":[{"embeddable":true,"href":"https:\/\/ecosdelsur.com\/index.php?rest_route=\/wp\/v2\/users\/8"}],"replies":[{"embeddable":true,"href":"https:\/\/ecosdelsur.com\/index.php?rest_route=%2Fwp%2Fv2%2Fcomments&post=20781"}],"version-history":[{"count":0,"href":"https:\/\/ecosdelsur.com\/index.php?rest_route=\/wp\/v2\/posts\/20781\/revisions"}],"wp:featuredmedia":[{"embeddable":true,"href":"https:\/\/ecosdelsur.com\/index.php?rest_route=\/wp\/v2\/media\/20783"}],"wp:attachment":[{"href":"https:\/\/ecosdelsur.com\/index.php?rest_route=%2Fwp%2Fv2%2Fmedia&parent=20781"}],"wp:term":[{"taxonomy":"category","embeddable":true,"href":"https:\/\/ecosdelsur.com\/index.php?rest_route=%2Fwp%2Fv2%2Fcategories&post=20781"},{"taxonomy":"post_tag","embeddable":true,"href":"https:\/\/ecosdelsur.com\/index.php?rest_route=%2Fwp%2Fv2%2Ftags&post=20781"}],"curies":[{"name":"wp","href":"https:\/\/api.w.org\/{rel}","templated":true}]}}