{"id":19070,"date":"2024-05-21T15:18:34","date_gmt":"2024-05-21T15:18:34","guid":{"rendered":"https:\/\/ecosdelsur.com\/?p=19070"},"modified":"2024-05-21T15:18:34","modified_gmt":"2024-05-21T15:18:34","slug":"santa-cruz-estuvo-presente-en-la-109-asamblea-del-consejo-federal-de-medio-ambiente-a-nivel-nacional","status":"publish","type":"post","link":"https:\/\/ecosdelsur.com\/?p=19070","title":{"rendered":"Santa Cruz estuvo presente en la 109\u00b0 asamblea del Consejo Federal de Medio Ambiente a nivel nacional"},"content":{"rendered":"<div class=\"itemToolbar2\">\n<p><span class=\"itemDateCreated\">Martes, 21 Mayo 2024 &#8211; <\/span>El secretario de Estado de Ambiente de la Provincia de Santa Cruz, Sebasti\u00e1n Georgi\u00f3n, tuvo una activa participaci\u00f3n en la Asamblea Ordinaria 109\u00b0 del Consejo Federal de Medio Ambiente (CoFeMA), organizado por la Subsecretar\u00eda de Ambiente de Naci\u00f3n.<\/p>\n<\/div>\n<div class=\"itemFullText\">\n<p>Por primera vez en la historia del evento, hubo un representante de Santa Cruz procedente de la zona norte santacruce\u00f1a.<\/p>\n<p>En la primera jornada, luego de la elecci\u00f3n de autoridades del CoFeMA, se realiz\u00f3 un informe de estado de situaci\u00f3n del Fondo Fiduciario de Bosques (Naci\u00f3n), y un informe de estado de situaci\u00f3n sobre pol\u00edticas vinculadas al cambio clim\u00e1tico (Naci\u00f3n), entre otros hechos de relevancia.<\/p>\n<p>Concluida la asamblea, el secretario de Ambiente de Santa Cruz, Sebasti\u00e1n Georgi\u00f3n, destac\u00f3 que \u201ceste tipo de encuentros son importantes para identificar prioridades y responsabilidades que le toca a cada provincia, teniendo en cuenta los desaf\u00edos que impone el impacto clim\u00e1tico en este mundo tan cambiante, y que exige que en un pa\u00eds como Argentina podamos tener pol\u00edticas ambientales innovadoras, de vanguardia\u201d.<\/p>\n<p>Adem\u00e1s, subray\u00f3 que \u201cel desaf\u00edo futuro radica en alinear nuestra legislaci\u00f3n ambiental con est\u00e1ndares internacionales, para garantizar la competitividad de nuestros productos en los mercados globales, crear pol\u00edticas p\u00fablicas en entornos propicios y contribuir a los temas ambientales del G20\u201d.<\/p>\n<p>El evento cont\u00f3 con la presencia del secretario de Turismo, Ambiente y Deportes, Daniel Scioli, la subsecretaria de Ambiente, Ana Mar\u00eda Lamas; Santiago Azulay, presidente saliente del organismo; y representantes de las distintas provincias.<\/p>\n<p>Con la presencia de Georgi\u00f3n, por primera vez hay un representante de la zona norte de Santa Cruz en el prestigioso evento que, en m\u00e1s de 100 ediciones anteriores, siempre cont\u00f3 con la participaci\u00f3n de dirigentes procedentes de R\u00edo Gallegos.<\/p>\n<p><strong>Una agenda variada<\/strong><\/p>\n<p>Entre los temas tratados, los representantes dialogaron sobre el estado de situaci\u00f3n del Fondo Fiduciario de Bosques y sobre pol\u00edticas vinculadas al impacto clim\u00e1tico. Adem\u00e1s, se eligieron nuevas autoridades consensuadas por unanimidad. El nuevo presidente es Mart\u00edn Recaman, ministro de Ecolog\u00eda y Recursos Naturales Renovables de Misiones; y Carlos Salmoiraghi, subsecretario de Medio Ambiente de Santiago del Estero, como vicepresidente. Asimismo, fueron renovados los cargos de las diferentes comisiones.<\/p>\n<p>Estuvieron presentes en esta primera asamblea las siguientes autoridades provinciales: por la provincia de Buenos Aires: Daniela Vilar, ministra de Ambiente y Tamara Basteiro, subsecretaria de Pol\u00edtica Ambiental; por la Ciudad Aut\u00f3noma de Buenos Aires: Natalia Persini, subsecretar\u00eda de Ambiente, Renzo Morosi Nicolotti, presidente de la Agencia de Protecci\u00f3n Ambiental (APRA) y Yanina Fasano, subgerenta operativa de Organismos Interjurisdiccionales Ambientales de APRA; por Catamarca: Gustavo B\u00e1ez, secretario de Energ\u00eda; por C\u00f3rdoba, Victoria Flores, ministra de Ambiente y Econom\u00eda Circular; por Corrientes: Mario Salvia, administrador general del instituto Correntino del Agua y el Ambiente; por Chaco: Hern\u00e1n Halavacs, ministro de la Producci\u00f3n y el Desarrollo Econ\u00f3mico Sostenible y Mariano Moro, subsecretario de Ambiente; por Chubut: Juan Jos\u00e9 Rivera, secretario de Ambiente y Control del Desarrollo Sustentable; por Entre R\u00edos: Rosa Hojman, secretaria de Ambiente; por Formosa: Hugo Bay, representante alterno, Natalia Lupia, subsecretaria de Recursos Naturales y Calidad Ambiental; por Jujuy: Mar\u00eda In\u00e9s Zigar\u00e1n, ministra de Ambiente; por La Pampa: Vanina Basso, secretaria de Ambiente y Cambio Clim\u00e1tico; por La Rioja: Santiago Azulay, secretario de Ambiente; por Mendoza: Sebast\u00edan Melchor, subsecretario de Ambiente; por Misiones: Mart\u00edn Recaman, ministro de Ecolog\u00eda y Recursos Naturales Renovables; por Neuqu\u00e9n: Gladys Marchese, directora provincial de Gesti\u00f3n Legal; por R\u00edo Negro: Mar\u00eda Judith Jim\u00e9nez, secretaria de Ambiente y Cambio Clim\u00e1tico; por Salta: Alejandro Aldazabal, secretario de Ambiente y Desarrollo Sustentable; por Santiago del Estero: Carlos Salmoiraghi, subsecretario de Medio Ambiente; por San Juan: Juan Federico R\u00edos, secretario de Ambiente; por Santa Fe: Enrique Est\u00e9vez, ministro de Ambiente; por San Luis: Federico Cacace, secretario de Estado de Ambiente y Desarrollo Sustentable; por Santa Cruz: Sebasti\u00e1n Georgi\u00f3n, secretario de Estado de Ambiente; por Tierra del Fuego, Ant\u00e1rtida e Islas del Atl\u00e1ntico Sur: Andrea Bianchi, secretaria de Ambiente; por Tucum\u00e1n: Alfredo Montalv\u00e1n, subsecretario de Medio Ambiente.<\/p>\n<p>Participaron, adem\u00e1s, Carlos Gonz\u00e1lez D&#8217;Alessandro, diputado nacional y presidente de la Comisi\u00f3n de Recursos Naturales de la C\u00e1mara de Diputados de la Naci\u00f3n; Lucas Figueras, presidente de la Autoridad de Cuenca Matanza Riachuelo (ACuMaR).<\/p>\n<p>Por la Subsecretar\u00eda de Ambiente estuvieron Augusto Paz, director nacional de Educaci\u00f3n Ambiental y Participaci\u00f3n Ciudadana; Viviana Zara, directora de Articulaci\u00f3n Interjurisdiccional y Acceso a la Informaci\u00f3n; Federico Caeiro, director nacional de Recursos Naturales; Cristina Goyenechea, directora nacional de Cambio Clim\u00e1tico; y Octavio P\u00e9rez Pardo, director de Bosques, entre otras autoridades.<\/p>\n<\/div>\n","protected":false},"excerpt":{"rendered":"<p>Martes, 21 Mayo 2024 &#8211; El secretario de Estado de Ambiente de la Provincia de Santa Cruz, Sebasti\u00e1n Georgi\u00f3n, tuvo<\/p>\n","protected":false},"author":8,"featured_media":19067,"comment_status":"closed","ping_status":"closed","sticky":false,"template":"","format":"standard","meta":{"footnotes":""},"categories":[39],"tags":[],"class_list":["post-19070","post","type-post","status-publish","format-standard","has-post-thumbnail","hentry","category-tecnologia"],"_links":{"self":[{"href":"https:\/\/ecosdelsur.com\/index.php?rest_route=\/wp\/v2\/posts\/19070","targetHints":{"allow":["GET"]}}],"collection":[{"href":"https:\/\/ecosdelsur.com\/index.php?rest_route=\/wp\/v2\/posts"}],"about":[{"href":"https:\/\/ecosdelsur.com\/index.php?rest_route=\/wp\/v2\/types\/post"}],"author":[{"embeddable":true,"href":"https:\/\/ecosdelsur.com\/index.php?rest_route=\/wp\/v2\/users\/8"}],"replies":[{"embeddable":true,"href":"https:\/\/ecosdelsur.com\/index.php?rest_route=%2Fwp%2Fv2%2Fcomments&post=19070"}],"version-history":[{"count":0,"href":"https:\/\/ecosdelsur.com\/index.php?rest_route=\/wp\/v2\/posts\/19070\/revisions"}],"wp:featuredmedia":[{"embeddable":true,"href":"https:\/\/ecosdelsur.com\/index.php?rest_route=\/wp\/v2\/media\/19067"}],"wp:attachment":[{"href":"https:\/\/ecosdelsur.com\/index.php?rest_route=%2Fwp%2Fv2%2Fmedia&parent=19070"}],"wp:term":[{"taxonomy":"category","embeddable":true,"href":"https:\/\/ecosdelsur.com\/index.php?rest_route=%2Fwp%2Fv2%2Fcategories&post=19070"},{"taxonomy":"post_tag","embeddable":true,"href":"https:\/\/ecosdelsur.com\/index.php?rest_route=%2Fwp%2Fv2%2Ftags&post=19070"}],"curies":[{"name":"wp","href":"https:\/\/api.w.org\/{rel}","templated":true}]}}