{"id":18627,"date":"2024-05-08T19:18:02","date_gmt":"2024-05-08T19:18:02","guid":{"rendered":"https:\/\/ecosdelsur.com\/?p=18627"},"modified":"2024-05-08T19:18:02","modified_gmt":"2024-05-08T19:18:02","slug":"beneficiarios-de-potenciar-trabajo-piden-intervencion-de-funcionarios-comunales","status":"publish","type":"post","link":"https:\/\/ecosdelsur.com\/?p=18627","title":{"rendered":"Beneficiarios de Potenciar Trabajo piden intervenci\u00f3n de funcionarios comunales"},"content":{"rendered":"<p>Beneficiarios del programa Potenciar Trabajo se reunieron frente al Municipio para lograr obtener respuestas en cuanto a su situaci\u00f3n laboral.<\/p>\n<p>Se trata de m\u00e1s de 300 personas que habr\u00edan sido desafectadas de sus sectores dentro del Municipio luego de un relevamiento realizado desde el gobierno nacional.<\/p>\n<p>En muchos casos hay beneficiarios que se encuentran prestando servicio a la Municipalidad desde 2009. Muchos de ellos esperan un contrato laboral.<\/p>\n<p>\u201cEs una situaci\u00f3n compleja, despu\u00e9s de muchos a\u00f1os de servicio nos quieran dar de baja\u201d, dijo una de las beneficiarias afectadas en di\u00e1logo con Ecos del Sur.<\/p>\n<p><img decoding=\"async\" class=\"alignnone size-full wp-image-18629 lazyload\" data-src=\"https:\/\/ecosdelsur.com\/wp-content\/uploads\/2024\/05\/Screenshot_20240508-1549562.png\" alt=\"\" width=\"720\" height=\"395\" data-srcset=\"https:\/\/ecosdelsur.com\/wp-content\/uploads\/2024\/05\/Screenshot_20240508-1549562.png 720w, https:\/\/ecosdelsur.com\/wp-content\/uploads\/2024\/05\/Screenshot_20240508-1549562-300x165.png 300w\" data-sizes=\"(max-width: 720px) 100vw, 720px\" src=\"data:image\/svg+xml;base64,PHN2ZyB3aWR0aD0iMSIgaGVpZ2h0PSIxIiB4bWxucz0iaHR0cDovL3d3dy53My5vcmcvMjAwMC9zdmciPjwvc3ZnPg==\" style=\"--smush-placeholder-width: 720px; --smush-placeholder-aspect-ratio: 720\/395;\" \/><\/p>\n<p>Por eso es el pedido a las autoridades municipales para que vean la situaci\u00f3n de cada uno de los beneficiarios para que vuelvan a trabajar.<\/p>\n<p>Seg\u00fan se indic\u00f3 la prioridad es con la \u00a0gente m\u00e1s antigua, y la respuesta ser\u00e1 el viernes seg\u00fan se indic\u00f3 desde el Municipio.<\/p>\n<p>\u201cNos dijeron que esperemos hasta el viernes, y nos dicen que hay una soluci\u00f3n, por lo menos nos vamos con un poco de esperanza\u201d, dijo una de las beneficiarias del Potenciar Trabajo.<\/p>\n","protected":false},"excerpt":{"rendered":"<p>Beneficiarios del programa Potenciar Trabajo se reunieron frente al Municipio para lograr obtener respuestas en cuanto a su situaci\u00f3n laboral.<\/p>\n","protected":false},"author":8,"featured_media":18628,"comment_status":"closed","ping_status":"closed","sticky":false,"template":"","format":"standard","meta":{"footnotes":""},"categories":[40],"tags":[60,254,403],"class_list":["post-18627","post","type-post","status-publish","format-standard","has-post-thumbnail","hentry","category-municipales","tag-caleta-olivia","tag-municipio","tag-potenciar-trabajo"],"_links":{"self":[{"href":"https:\/\/ecosdelsur.com\/index.php?rest_route=\/wp\/v2\/posts\/18627","targetHints":{"allow":["GET"]}}],"collection":[{"href":"https:\/\/ecosdelsur.com\/index.php?rest_route=\/wp\/v2\/posts"}],"about":[{"href":"https:\/\/ecosdelsur.com\/index.php?rest_route=\/wp\/v2\/types\/post"}],"author":[{"embeddable":true,"href":"https:\/\/ecosdelsur.com\/index.php?rest_route=\/wp\/v2\/users\/8"}],"replies":[{"embeddable":true,"href":"https:\/\/ecosdelsur.com\/index.php?rest_route=%2Fwp%2Fv2%2Fcomments&post=18627"}],"version-history":[{"count":0,"href":"https:\/\/ecosdelsur.com\/index.php?rest_route=\/wp\/v2\/posts\/18627\/revisions"}],"wp:featuredmedia":[{"embeddable":true,"href":"https:\/\/ecosdelsur.com\/index.php?rest_route=\/wp\/v2\/media\/18628"}],"wp:attachment":[{"href":"https:\/\/ecosdelsur.com\/index.php?rest_route=%2Fwp%2Fv2%2Fmedia&parent=18627"}],"wp:term":[{"taxonomy":"category","embeddable":true,"href":"https:\/\/ecosdelsur.com\/index.php?rest_route=%2Fwp%2Fv2%2Fcategories&post=18627"},{"taxonomy":"post_tag","embeddable":true,"href":"https:\/\/ecosdelsur.com\/index.php?rest_route=%2Fwp%2Fv2%2Ftags&post=18627"}],"curies":[{"name":"wp","href":"https:\/\/api.w.org\/{rel}","templated":true}]}}