{"id":18624,"date":"2024-05-08T18:49:27","date_gmt":"2024-05-08T18:49:27","guid":{"rendered":"https:\/\/ecosdelsur.com\/?p=18624"},"modified":"2024-05-08T20:47:38","modified_gmt":"2024-05-08T20:47:38","slug":"juan-ignacio-acuna-kunz-estableceremos-distintas-formas-para-que-vuelvan-a-prestar-servicios-que-ellos-quieren","status":"publish","type":"post","link":"https:\/\/ecosdelsur.com\/?p=18624","title":{"rendered":"Juan Ignacio Acu\u00f1a Kunz: \u201cEstableceremos distintas formas para que vuelvan a prestar servicios&#8221;"},"content":{"rendered":"<p>El flamante secretario de Gobierno municipal, Juan Ignacio Acu\u00f1a Kunz se refiri\u00f3 a la charla que mantuvo con los beneficiarios del programa Potenciar Trabajo luego de haber sido desafectados a trav\u00e9s de Naci\u00f3n de sus lugares de trabajo.<\/p>\n<p>Acu\u00f1a Kunz dialog\u00f3 con el grupo de beneficiarios que manifiestan diferentes situaciones y que para ellos debe dar respuestas.<\/p>\n<p>\u201cLo que nosotros planteamos es que pretendemos resolver su situaci\u00f3n, el Intendente quiere que las personas vuelvan a sus sectores de trabajo, porque son imprescindibles en el rol que cumpl\u00edan en distintos sectores\u201d, dijo el Secretario de Gobierno y agreg\u00f3 que \u201cse genera un prejuicio para el municipio, porque los necesitamos y ellos necesitan el beneficio\u201d.<\/p>\n<p>Acu\u00f1a Kunz dio por sentado que las soluciones desde Naci\u00f3n y Provincia son nulas por lo que el esfuerzo recae en el Municipio.<\/p>\n<p>En este sentido indic\u00f3 que \u201cel Intendente tiene un equipo para brindar respuestas antes del viernes\u201d.<\/p>\n<p>De hecho Acu\u00f1a Kunz tom\u00f3 los datos de cada una de las personas para tratar sus situaciones y brindarles una respuesta.<\/p>\n<p>\u201cFrente a la incertidumbre y angustia hay que llevarles tranquilidad. El Intendente ha tomado una decisi\u00f3n pol\u00edtica la estamos instrumentando y estableceremos distintas formas para que vuelvan a prestar servicios en sus lugares de trabajo\u201d, dijo. \u201cPedimos paciencia\u201d, cerr\u00f3.<\/p>\n","protected":false},"excerpt":{"rendered":"<p>El flamante secretario de Gobierno municipal, Juan Ignacio Acu\u00f1a Kunz se refiri\u00f3 a la charla que mantuvo con los beneficiarios<\/p>\n","protected":false},"author":8,"featured_media":18625,"comment_status":"closed","ping_status":"closed","sticky":false,"template":"","format":"standard","meta":{"footnotes":""},"categories":[33],"tags":[60,254,403],"class_list":["post-18624","post","type-post","status-publish","format-standard","has-post-thumbnail","hentry","category-politica","tag-caleta-olivia","tag-municipio","tag-potenciar-trabajo"],"_links":{"self":[{"href":"https:\/\/ecosdelsur.com\/index.php?rest_route=\/wp\/v2\/posts\/18624","targetHints":{"allow":["GET"]}}],"collection":[{"href":"https:\/\/ecosdelsur.com\/index.php?rest_route=\/wp\/v2\/posts"}],"about":[{"href":"https:\/\/ecosdelsur.com\/index.php?rest_route=\/wp\/v2\/types\/post"}],"author":[{"embeddable":true,"href":"https:\/\/ecosdelsur.com\/index.php?rest_route=\/wp\/v2\/users\/8"}],"replies":[{"embeddable":true,"href":"https:\/\/ecosdelsur.com\/index.php?rest_route=%2Fwp%2Fv2%2Fcomments&post=18624"}],"version-history":[{"count":0,"href":"https:\/\/ecosdelsur.com\/index.php?rest_route=\/wp\/v2\/posts\/18624\/revisions"}],"wp:featuredmedia":[{"embeddable":true,"href":"https:\/\/ecosdelsur.com\/index.php?rest_route=\/wp\/v2\/media\/18625"}],"wp:attachment":[{"href":"https:\/\/ecosdelsur.com\/index.php?rest_route=%2Fwp%2Fv2%2Fmedia&parent=18624"}],"wp:term":[{"taxonomy":"category","embeddable":true,"href":"https:\/\/ecosdelsur.com\/index.php?rest_route=%2Fwp%2Fv2%2Fcategories&post=18624"},{"taxonomy":"post_tag","embeddable":true,"href":"https:\/\/ecosdelsur.com\/index.php?rest_route=%2Fwp%2Fv2%2Ftags&post=18624"}],"curies":[{"name":"wp","href":"https:\/\/api.w.org\/{rel}","templated":true}]}}