{"id":18617,"date":"2024-05-08T03:35:03","date_gmt":"2024-05-08T03:35:03","guid":{"rendered":"https:\/\/ecosdelsur.com\/?p=18617"},"modified":"2024-05-08T03:35:03","modified_gmt":"2024-05-08T03:35:03","slug":"rutas-peligrosas-en-el-flanco-norte-santacruceno-dejo-varios-vuelcos","status":"publish","type":"post","link":"https:\/\/ecosdelsur.com\/?p=18617","title":{"rendered":"Rutas peligrosas en el Flanco Norte santacruce\u00f1o, dejo varios vuelcos"},"content":{"rendered":"<p>Martes, 07 Mayo 2024 &#8211; Se registraron en cercan\u00edas de las comisiones de fomento de Koluel Kayke y Ca\u00f1ad\u00f3n Seco por la acumulaci\u00f3n de nieve y escarcha sobre extensos trayectos de las rutas provinciales N\u00ba 43 y 12.<img decoding=\"async\" class=\"size-full wp-image-18620 alignleft lazyload\" data-src=\"https:\/\/ecosdelsur.com\/wp-content\/uploads\/2024\/05\/vuel-3.jpeg\" alt=\"\" width=\"365\" height=\"233\" data-srcset=\"https:\/\/ecosdelsur.com\/wp-content\/uploads\/2024\/05\/vuel-3.jpeg 365w, https:\/\/ecosdelsur.com\/wp-content\/uploads\/2024\/05\/vuel-3-300x192.jpeg 300w\" data-sizes=\"(max-width: 365px) 100vw, 365px\" src=\"data:image\/svg+xml;base64,PHN2ZyB3aWR0aD0iMSIgaGVpZ2h0PSIxIiB4bWxucz0iaHR0cDovL3d3dy53My5vcmcvMjAwMC9zdmciPjwvc3ZnPg==\" style=\"--smush-placeholder-width: 365px; --smush-placeholder-aspect-ratio: 365\/233;\" \/><\/p>\n<p>Este martes, hubo en las rutas de Santa Cruz tres vuelcos y un choque que se registraron en cercan\u00edas de las comisiones de fomento de Koluel Kayke y Ca\u00f1ad\u00f3n Seco\u00a0por la acumulaci\u00f3n de nieve y escarcha sobre extensos trayectos de las rutas provinciales N\u00ba 43 y 12.<\/p>\n<p>El Departamento de Comunicaciones de la Polic\u00eda provincial report\u00f3 que la primera emergencia se acus\u00f3 alrededor de las 7:40 en la Ruta 43, por el vuelco de una camioneta Ford Ranger en cercan\u00edas de la estancia Isabel, a unos 25 kil\u00f3metros al oeste de Koluel Kayke. <img decoding=\"async\" class=\"wp-image-18619 alignright lazyload\" data-src=\"https:\/\/ecosdelsur.com\/wp-content\/uploads\/2024\/05\/vuel-2.jpeg\" alt=\"\" width=\"466\" height=\"269\" data-srcset=\"https:\/\/ecosdelsur.com\/wp-content\/uploads\/2024\/05\/vuel-2.jpeg 1024w, https:\/\/ecosdelsur.com\/wp-content\/uploads\/2024\/05\/vuel-2-300x173.jpeg 300w, https:\/\/ecosdelsur.com\/wp-content\/uploads\/2024\/05\/vuel-2-768x444.jpeg 768w\" data-sizes=\"(max-width: 466px) 100vw, 466px\" src=\"data:image\/svg+xml;base64,PHN2ZyB3aWR0aD0iMSIgaGVpZ2h0PSIxIiB4bWxucz0iaHR0cDovL3d3dy53My5vcmcvMjAwMC9zdmciPjwvc3ZnPg==\" style=\"--smush-placeholder-width: 466px; --smush-placeholder-aspect-ratio: 466\/269;\" \/><\/p>\n<p>Personal del Cuartel de Bomberos N\u00ba 23 que acudi\u00f3 al lugar encontr\u00f3 el rodado volcado y apoyado sobre su lateral izquierdo fuera de la ruta.<\/p>\n<p>Los bomberos tambi\u00e9n constataron que sus ocupantes ya hab\u00edan sido trasladados a un centro sanitario (aparentemente con golpes leves) en otro veh\u00edculo particular, por lo cual procedieron a realizar tareas de prevenci\u00f3n anulando los cables de la bater\u00eda.<\/p>\n<p>Continuando el trayecto de retorno, a 10 km sobre la misma ruta, se encontr\u00f3 un Chevrolet Corsa que se hab\u00eda despistado, pudi\u00e9ndose saber que uno ocupantes hab\u00eda sufrido lesiones leves. Adem\u00e1s, se realizaron tareas preventivas. <img decoding=\"async\" class=\"wp-image-18621 alignleft lazyload\" data-src=\"https:\/\/ecosdelsur.com\/wp-content\/uploads\/2024\/05\/vuel-4.jpeg\" alt=\"\" width=\"381\" height=\"201\" data-srcset=\"https:\/\/ecosdelsur.com\/wp-content\/uploads\/2024\/05\/vuel-4.jpeg 685w, https:\/\/ecosdelsur.com\/wp-content\/uploads\/2024\/05\/vuel-4-300x158.jpeg 300w, https:\/\/ecosdelsur.com\/wp-content\/uploads\/2024\/05\/vuel-4-390x205.jpeg 390w\" data-sizes=\"(max-width: 381px) 100vw, 381px\" src=\"data:image\/svg+xml;base64,PHN2ZyB3aWR0aD0iMSIgaGVpZ2h0PSIxIiB4bWxucz0iaHR0cDovL3d3dy53My5vcmcvMjAwMC9zdmciPjwvc3ZnPg==\" style=\"--smush-placeholder-width: 381px; --smush-placeholder-aspect-ratio: 381\/201;\" \/><\/p>\n<p>Cuando ya estaban a 5 kil\u00f3metros de su base, divisaron un choque frontal entre una camioneta y un cami\u00f3n, sin heridos. No se detectaron p\u00e9rdidas de fluidos en los rodados, en tanto los conductores acusaron golpes leves.<\/p>\n<p>En total, fueron cuatro personas las que recibieron asistencia en el puesto sanitario de Kayke, todos hombres, destac\u00e1ndose que el comisario inspector Franco Guzm\u00e1n y el sargento primero Franco Olivieri, lideraron las operaciones con eficiencia y diligencia.<\/p>\n<p>Por otra parte, las autoridades policiales reiteraron la recomendaci\u00f3n a conductores de extremar precauciones en las rutas escarchadas y colocar cadenas en las ruedas de tracci\u00f3n.<\/p>\n<p>El \u00faltimo reporte de accidentes viales da cuenta que alrededor de las 12:30 efectivos de la Comisar\u00eda de Ca\u00f1ad\u00f3n Seco y del Cuartel N\u00ba 18 de bomberos se desplazaron por la Ruta 12 hasta la zona denominada Bajada de Quitralco, a unos diez kil\u00f3metros al oeste de esa localidad.<\/p>\n<p>En el lugar indicado hab\u00eda volcado una camioneta Toyota Hilux de color blanco, quedando la misma apoyada sobre su lateral izquierdo fuera de la ruta, pero no se encontraron personas en el entorno.<\/p>\n<p>Se realiz\u00f3 una verificaci\u00f3n de posibles p\u00e9rdidas de fluidos, la cual result\u00f3 negativa y por ello no se llev\u00f3 a cabo la desconexi\u00f3n del acumulador de energ\u00eda (bater\u00eda). El rodado qued\u00f3 a resguardo de la polic\u00eda, hasta tanto se hiciera presente su propietario.<\/p>\n<p>&nbsp;<\/p>\n","protected":false},"excerpt":{"rendered":"<p>Martes, 07 Mayo 2024 &#8211; Se registraron en cercan\u00edas de las comisiones de fomento de Koluel Kayke y Ca\u00f1ad\u00f3n Seco<\/p>\n","protected":false},"author":8,"featured_media":18618,"comment_status":"closed","ping_status":"closed","sticky":false,"template":"","format":"standard","meta":{"footnotes":""},"categories":[36],"tags":[],"class_list":["post-18617","post","type-post","status-publish","format-standard","has-post-thumbnail","hentry","category-policiales"],"_links":{"self":[{"href":"https:\/\/ecosdelsur.com\/index.php?rest_route=\/wp\/v2\/posts\/18617","targetHints":{"allow":["GET"]}}],"collection":[{"href":"https:\/\/ecosdelsur.com\/index.php?rest_route=\/wp\/v2\/posts"}],"about":[{"href":"https:\/\/ecosdelsur.com\/index.php?rest_route=\/wp\/v2\/types\/post"}],"author":[{"embeddable":true,"href":"https:\/\/ecosdelsur.com\/index.php?rest_route=\/wp\/v2\/users\/8"}],"replies":[{"embeddable":true,"href":"https:\/\/ecosdelsur.com\/index.php?rest_route=%2Fwp%2Fv2%2Fcomments&post=18617"}],"version-history":[{"count":0,"href":"https:\/\/ecosdelsur.com\/index.php?rest_route=\/wp\/v2\/posts\/18617\/revisions"}],"wp:featuredmedia":[{"embeddable":true,"href":"https:\/\/ecosdelsur.com\/index.php?rest_route=\/wp\/v2\/media\/18618"}],"wp:attachment":[{"href":"https:\/\/ecosdelsur.com\/index.php?rest_route=%2Fwp%2Fv2%2Fmedia&parent=18617"}],"wp:term":[{"taxonomy":"category","embeddable":true,"href":"https:\/\/ecosdelsur.com\/index.php?rest_route=%2Fwp%2Fv2%2Fcategories&post=18617"},{"taxonomy":"post_tag","embeddable":true,"href":"https:\/\/ecosdelsur.com\/index.php?rest_route=%2Fwp%2Fv2%2Ftags&post=18617"}],"curies":[{"name":"wp","href":"https:\/\/api.w.org\/{rel}","templated":true}]}}