{"id":18565,"date":"2024-05-07T18:28:21","date_gmt":"2024-05-07T18:28:21","guid":{"rendered":"https:\/\/ecosdelsur.com\/?p=18565"},"modified":"2024-05-07T18:28:21","modified_gmt":"2024-05-07T18:28:21","slug":"emprende-artes-organiza-el-paseo-de-los-artesanos-en-el-centro-cultural","status":"publish","type":"post","link":"https:\/\/ecosdelsur.com\/?p=18565","title":{"rendered":"Emprende Artes organiza el Paseo de los artesanos en el Centro Cultural"},"content":{"rendered":"<p>Se realizar\u00e1 el s\u00e1bado 11 y domingo 12 de mayo a partir de las 16 hs. La entrada es libre y gratuita.<\/p>\n<p>Andrea Quillinan y Mariana Olmos visitaron el programa radial Ecos Sentimientos conducido por Marisol Godoy para invitar a la comunidad a participar y conocer a m\u00e1s artesanos, manualeros y productores de la localidad.<\/p>\n<p>Emprende Artes es un grupo de feriantes artesanos, manualeros y productores que se organizaron en el marco del espacio brindado por la secretar\u00eda de Cultura del Municipio.<\/p>\n<p>Se aclar\u00f3 que los puestos no son de reventa sino que son todos productos originales y propios de artesanos, manualeros y productores.<\/p>\n<p>\u201cEstamos muy contentos, los cupos est\u00e1n completos, habr\u00e1 51 puestos\u201d, mencionaron las organizadoras.<\/p>\n<p>Habr\u00e1 de todo, ser\u00e1 un paseo variado.<\/p>\n<p>Se encontrar\u00e1 desde bolsos materos, cer\u00e1mica, macram\u00e9, amigurumi, tejidos en distintas variedades, crochet, cuadernos con identidad, papeler\u00eda con dise\u00f1o, servicio de almohadones, patchwork, aromas, sahumerios y velas. Plantas, bijouterie, objetos reciclados, dise\u00f1os con productos de mar, chocolates, barra m\u00f3vil. Chacinados, etc.<\/p>\n","protected":false},"excerpt":{"rendered":"<p>Se realizar\u00e1 el s\u00e1bado 11 y domingo 12 de mayo a partir de las 16 hs. La entrada es libre<\/p>\n","protected":false},"author":8,"featured_media":18566,"comment_status":"closed","ping_status":"closed","sticky":false,"template":"","format":"standard","meta":{"footnotes":""},"categories":[88],"tags":[60,273],"class_list":["post-18565","post","type-post","status-publish","format-standard","has-post-thumbnail","hentry","category-cultura","tag-caleta-olivia","tag-cultura"],"_links":{"self":[{"href":"https:\/\/ecosdelsur.com\/index.php?rest_route=\/wp\/v2\/posts\/18565","targetHints":{"allow":["GET"]}}],"collection":[{"href":"https:\/\/ecosdelsur.com\/index.php?rest_route=\/wp\/v2\/posts"}],"about":[{"href":"https:\/\/ecosdelsur.com\/index.php?rest_route=\/wp\/v2\/types\/post"}],"author":[{"embeddable":true,"href":"https:\/\/ecosdelsur.com\/index.php?rest_route=\/wp\/v2\/users\/8"}],"replies":[{"embeddable":true,"href":"https:\/\/ecosdelsur.com\/index.php?rest_route=%2Fwp%2Fv2%2Fcomments&post=18565"}],"version-history":[{"count":0,"href":"https:\/\/ecosdelsur.com\/index.php?rest_route=\/wp\/v2\/posts\/18565\/revisions"}],"wp:featuredmedia":[{"embeddable":true,"href":"https:\/\/ecosdelsur.com\/index.php?rest_route=\/wp\/v2\/media\/18566"}],"wp:attachment":[{"href":"https:\/\/ecosdelsur.com\/index.php?rest_route=%2Fwp%2Fv2%2Fmedia&parent=18565"}],"wp:term":[{"taxonomy":"category","embeddable":true,"href":"https:\/\/ecosdelsur.com\/index.php?rest_route=%2Fwp%2Fv2%2Fcategories&post=18565"},{"taxonomy":"post_tag","embeddable":true,"href":"https:\/\/ecosdelsur.com\/index.php?rest_route=%2Fwp%2Fv2%2Ftags&post=18565"}],"curies":[{"name":"wp","href":"https:\/\/api.w.org\/{rel}","templated":true}]}}