{"id":1651,"date":"2023-05-19T17:45:42","date_gmt":"2023-05-19T17:45:42","guid":{"rendered":"https:\/\/ecosdelsur.com\/?p=1651"},"modified":"2023-05-19T17:54:57","modified_gmt":"2023-05-19T17:54:57","slug":"gobierno-gestiona-acciones-sanitarias-con-autoridades-de-piedra-buena","status":"publish","type":"post","link":"https:\/\/ecosdelsur.com\/?p=1651","title":{"rendered":"Gobierno gestiona acciones sanitarias con autoridades de Piedra Buena"},"content":{"rendered":"<div class=\"itemIntroText\">El Gobierno de Santa Cruz, a trav\u00e9s del Ministerio de Salud y Ambiente, llev\u00f3 adelante gestiones con el municipio de la localidad, con el objetivo de abordar distintas acciones sanitarias destinadas a fortalecer el acceso a la salud p\u00fablica de Piedra Buena.<\/div>\n<div class=\"itemFullText\">\n<p>El ministro de Salud y Ambiente, Claudio Garc\u00eda, junto a la directora provincial de Determinantes de la Salud, Laura Iba\u00f1ez, se reunieron con el intendente Federico Bodlovic y el diputado por el Municipio, Jos\u00e9 Bodlovic, para evaluar distintas cuestiones relacionadas al trabajo que realiza el ministerio a trav\u00e9s del hospital local en forma conjunta con el municipio, en cuanto a las pol\u00edticas que se llevan adelante principalmente en la estrategia de abordaje territorial.<\/p>\n<p>En ese sentido, el ministro Garc\u00eda destac\u00f3 que en la reuni\u00f3n se pudo dialogar sobre diversas proyecciones sanitarias a futuro, en cuanto a recurso humano y planes provinciales en desarrollo, oportunidad en la que se tom\u00f3 conocimiento de los distintos grados de avances de las obras en curso.<\/p>\n<p>Por \u00faltimo, el titular de la Cartera Sanitaria destac\u00f3 la buena voluntad y predisposici\u00f3n del intendente y el diputado de la localidad, en pos de seguir trabajando articuladamente y continuar fortaleciendo la salud de la localidad.<\/p>\n<\/div>\n","protected":false},"excerpt":{"rendered":"<p>El Gobierno de Santa Cruz, a trav\u00e9s del Ministerio de Salud y Ambiente, llev\u00f3 adelante gestiones con el municipio de<\/p>\n","protected":false},"author":8,"featured_media":1652,"comment_status":"open","ping_status":"closed","sticky":false,"template":"","format":"standard","meta":{"footnotes":""},"categories":[1],"tags":[],"class_list":["post-1651","post","type-post","status-publish","format-standard","has-post-thumbnail","hentry","category-uncategorized"],"_links":{"self":[{"href":"https:\/\/ecosdelsur.com\/index.php?rest_route=\/wp\/v2\/posts\/1651","targetHints":{"allow":["GET"]}}],"collection":[{"href":"https:\/\/ecosdelsur.com\/index.php?rest_route=\/wp\/v2\/posts"}],"about":[{"href":"https:\/\/ecosdelsur.com\/index.php?rest_route=\/wp\/v2\/types\/post"}],"author":[{"embeddable":true,"href":"https:\/\/ecosdelsur.com\/index.php?rest_route=\/wp\/v2\/users\/8"}],"replies":[{"embeddable":true,"href":"https:\/\/ecosdelsur.com\/index.php?rest_route=%2Fwp%2Fv2%2Fcomments&post=1651"}],"version-history":[{"count":0,"href":"https:\/\/ecosdelsur.com\/index.php?rest_route=\/wp\/v2\/posts\/1651\/revisions"}],"wp:featuredmedia":[{"embeddable":true,"href":"https:\/\/ecosdelsur.com\/index.php?rest_route=\/wp\/v2\/media\/1652"}],"wp:attachment":[{"href":"https:\/\/ecosdelsur.com\/index.php?rest_route=%2Fwp%2Fv2%2Fmedia&parent=1651"}],"wp:term":[{"taxonomy":"category","embeddable":true,"href":"https:\/\/ecosdelsur.com\/index.php?rest_route=%2Fwp%2Fv2%2Fcategories&post=1651"},{"taxonomy":"post_tag","embeddable":true,"href":"https:\/\/ecosdelsur.com\/index.php?rest_route=%2Fwp%2Fv2%2Ftags&post=1651"}],"curies":[{"name":"wp","href":"https:\/\/api.w.org\/{rel}","templated":true}]}}