{"id":1644,"date":"2023-05-19T17:21:33","date_gmt":"2023-05-19T17:21:33","guid":{"rendered":"https:\/\/ecosdelsur.com\/?p=1644"},"modified":"2023-05-19T17:21:33","modified_gmt":"2023-05-19T17:21:33","slug":"entregaron-nuevos-moviles-policiales-a-la-localidad-de-caleta-olivia","status":"publish","type":"post","link":"https:\/\/ecosdelsur.com\/?p=1644","title":{"rendered":"Entregaron nuevos m\u00f3viles policiales a la localidad de Caleta Olivia"},"content":{"rendered":"<div class=\"itemIntroText\">En el marco del Plan Integral de Seguridad Local se hizo entrega de m\u00f3viles a las diferentes \u00e1reas operativas y de Formaci\u00f3n y Capacitaci\u00f3n de la Polic\u00eda Provincial para continuar reforzando, jerarquizando y profesionalizando la instituci\u00f3n en la ciudad de El Gorosito.<\/div>\n<div class=\"itemFullText\">\n<p>Adem\u00e1s, se reacondicionaron m\u00f3viles policiales a nuevo, los cuales ya se encuentran operativos desde hoy, reforzando el control y la labor diaria, brindando respuestas inmediatas a la demanda de seguridad y la prevenci\u00f3n del delito, lo cual fue acompa\u00f1ado progresivamente con nuevo equipamiento e incremento de recurso humano.<\/p>\n<p>De igual modo, junto al intendente Fernando Cotillo se realiz\u00f3 la firma del contrato en comodato para el edificio donde funcionar\u00e1 el Centro de Monitoreo de C\u00e1maras de Seguridad Urbana, sumando equipamiento y tecnolog\u00eda para el fortalecimiento de la seguridad ciudadana.<\/p>\n<p>Posteriormente con Paola Lamanuzzi, interventora de la Fundaci\u00f3n Santa Cruz Sustentable, se firm\u00f3 un convenio para la puesta en valor de espacios p\u00fablicos y verdes ubicados en el barrio 2 de Abril.<\/p>\n<p>En este marco, el ministro de Seguridad, Luca Pratti, se dirigi\u00f3 a los presentes: \u201cLa Gobernadora me pidi\u00f3 desde el momento en que asum\u00ed como Ministro, hacer un programa focalizado en el fortalecimiento de la seguridad ciudadana en la zona norte de la provincia y es lo que hicimos con el Plan Integral de Seguridad Local, donde hoy vemos algunas decisiones que hemos trabajado como la entrega de minibuses 17+1 y camionetas para las \u00e1reas de formaci\u00f3n y capacitaci\u00f3n de la polic\u00eda provincial\u201d.<\/p>\n<p>Igualmente, Pratti hizo hincapi\u00e9 en el trabajo que se viene desarrollando en la ciudad de El Gorosito donde se entreg\u00f3 7 camionetas 0km, 2 autos no identificados 0km para investigaciones, motos de alta cilindrada, una autobomba de 4000 litros y a su vez la creaci\u00f3n de nuevas dependencias policiales como la Unidad de Polic\u00eda de Prevenci\u00f3n Local, el Cuerpo de Prevenci\u00f3n Barrial, el Comando de Patrullas y el Grupo de Operaciones Motorizadas.<\/p>\n<p>De igual modo, el Ministro de Seguridad precis\u00f3: \u201cEste Plan Integral de Seguridad Local se va a ir implementando progresivamente en cada una de las localidades de la provincia porque entendemos que la seguridad es una prioridad y con este plan estamos brindando las respuestas para que los santacruce\u00f1os y santacruce\u00f1as se sientan cada vez m\u00e1s seguros y cuidados\u201d.<\/p>\n<p>Por su parte, el Intendente Cotillo indic\u00f3: \u201cCelebro en nombre de la comunidad de Caleta Olivia la decisi\u00f3n que se ha tomado por parte del Gobierno Provincial, porque estas herramientas vienen a jerarquizar y profesionalizar al personal para que todos los caletenses se sientan seguros y protegidos\u201d.<\/p>\n<p>Por \u00faltimo, el vicegobernador de Santa Cruz, Eugenio Quiroga, expres\u00f3: \u201cQuiero felicitar a todas las fuerzas por este gran trabajo, compromiso y acci\u00f3n que est\u00e1n haciendo porque hoy hemos plasmado una nueva visi\u00f3n de nuestra polic\u00eda de poder tener m\u00e1s presencia en la calle y estar m\u00e1s pr\u00f3ximo al vecino para que se sientan cuidados y seguros\u201d.<\/p>\n<p>El acto cont\u00f3 con la presencia de autoridades provinciales y municipales; el Jefe de Polic\u00eda, Comisario General (R) Jos\u00e9 Luis Cort\u00e9s; integrantes de la C\u00e1mara de Comercio Local, superintendentes, jefes y subalternos de la instituci\u00f3n policial.<\/p>\n<\/div>\n","protected":false},"excerpt":{"rendered":"<p>En el marco del Plan Integral de Seguridad Local se hizo entrega de m\u00f3viles a las diferentes \u00e1reas operativas y<\/p>\n","protected":false},"author":8,"featured_media":1629,"comment_status":"open","ping_status":"closed","sticky":false,"template":"","format":"standard","meta":{"footnotes":""},"categories":[36],"tags":[],"class_list":["post-1644","post","type-post","status-publish","format-standard","has-post-thumbnail","hentry","category-policiales"],"_links":{"self":[{"href":"https:\/\/ecosdelsur.com\/index.php?rest_route=\/wp\/v2\/posts\/1644","targetHints":{"allow":["GET"]}}],"collection":[{"href":"https:\/\/ecosdelsur.com\/index.php?rest_route=\/wp\/v2\/posts"}],"about":[{"href":"https:\/\/ecosdelsur.com\/index.php?rest_route=\/wp\/v2\/types\/post"}],"author":[{"embeddable":true,"href":"https:\/\/ecosdelsur.com\/index.php?rest_route=\/wp\/v2\/users\/8"}],"replies":[{"embeddable":true,"href":"https:\/\/ecosdelsur.com\/index.php?rest_route=%2Fwp%2Fv2%2Fcomments&post=1644"}],"version-history":[{"count":0,"href":"https:\/\/ecosdelsur.com\/index.php?rest_route=\/wp\/v2\/posts\/1644\/revisions"}],"wp:featuredmedia":[{"embeddable":true,"href":"https:\/\/ecosdelsur.com\/index.php?rest_route=\/wp\/v2\/media\/1629"}],"wp:attachment":[{"href":"https:\/\/ecosdelsur.com\/index.php?rest_route=%2Fwp%2Fv2%2Fmedia&parent=1644"}],"wp:term":[{"taxonomy":"category","embeddable":true,"href":"https:\/\/ecosdelsur.com\/index.php?rest_route=%2Fwp%2Fv2%2Fcategories&post=1644"},{"taxonomy":"post_tag","embeddable":true,"href":"https:\/\/ecosdelsur.com\/index.php?rest_route=%2Fwp%2Fv2%2Ftags&post=1644"}],"curies":[{"name":"wp","href":"https:\/\/api.w.org\/{rel}","templated":true}]}}