{"id":1637,"date":"2023-05-19T17:16:08","date_gmt":"2023-05-19T17:16:08","guid":{"rendered":"https:\/\/ecosdelsur.com\/?p=1637"},"modified":"2023-05-19T17:16:08","modified_gmt":"2023-05-19T17:16:08","slug":"roxana-reyes-escucho-a-los-docentes-para-reconstruir-la-educacion-en-santa-cruz","status":"publish","type":"post","link":"https:\/\/ecosdelsur.com\/?p=1637","title":{"rendered":"Roxana Reyes escucho \u00a0a los docentes, para reconstruir la educaci\u00f3n en Santa Cruz"},"content":{"rendered":"<p><img decoding=\"async\" class=\"aligncenter wp-image-1638 size-full lazyload\" data-src=\"https:\/\/ecosdelsur.com\/wp-content\/uploads\/2023\/05\/reyes1.jpg\" alt=\"\" width=\"800\" height=\"446\" data-srcset=\"https:\/\/ecosdelsur.com\/wp-content\/uploads\/2023\/05\/reyes1.jpg 800w, https:\/\/ecosdelsur.com\/wp-content\/uploads\/2023\/05\/reyes1-300x167.jpg 300w, https:\/\/ecosdelsur.com\/wp-content\/uploads\/2023\/05\/reyes1-768x428.jpg 768w\" data-sizes=\"(max-width: 800px) 100vw, 800px\" src=\"data:image\/svg+xml;base64,PHN2ZyB3aWR0aD0iMSIgaGVpZ2h0PSIxIiB4bWxucz0iaHR0cDovL3d3dy53My5vcmcvMjAwMC9zdmciPjwvc3ZnPg==\" style=\"--smush-placeholder-width: 800px; --smush-placeholder-aspect-ratio: 800\/446;\" \/><\/p>\n<p>En el marco de la Audiencia P\u00fablica que mantuvo Adosac Provincial\u00a0 en la Legislatura de la Ciudad de Buenos Aires para continuar visibilizando las problem\u00e1ticas que los atraviesan, participamos en una mesa de trabajo donde abordamos el deterioro pedag\u00f3gico creciente y sistem\u00e1tico de los estudiantes en todos los niveles educativos, la actual situaci\u00f3n salarial que contempla m\u00e1s horas de trabajo y que no cubre la canasta b\u00e1sica, como as\u00ed tambi\u00e9n la incorrecta aplicaci\u00f3n de jornada extendida en la provincia con establecimientos sin la infraestructura necesaria y planificaci\u00f3n adecuada.<img decoding=\"async\" class=\"alignnone wp-image-1640 size-full lazyload\" data-src=\"https:\/\/ecosdelsur.com\/wp-content\/uploads\/2023\/05\/reyesd.jpg\" alt=\"\" width=\"800\" height=\"503\" data-srcset=\"https:\/\/ecosdelsur.com\/wp-content\/uploads\/2023\/05\/reyesd.jpg 800w, https:\/\/ecosdelsur.com\/wp-content\/uploads\/2023\/05\/reyesd-300x189.jpg 300w, https:\/\/ecosdelsur.com\/wp-content\/uploads\/2023\/05\/reyesd-768x483.jpg 768w\" data-sizes=\"(max-width: 800px) 100vw, 800px\" src=\"data:image\/svg+xml;base64,PHN2ZyB3aWR0aD0iMSIgaGVpZ2h0PSIxIiB4bWxucz0iaHR0cDovL3d3dy53My5vcmcvMjAwMC9zdmciPjwvc3ZnPg==\" style=\"--smush-placeholder-width: 800px; --smush-placeholder-aspect-ratio: 800\/503;\" \/><\/p>\n<p>Nuestra propuesta de Gobierno tendr\u00e1 la decisi\u00f3n pol\u00edtica de priorizar la educaci\u00f3n para solucionar los problemas existentes, fortaleciendo el presupuesto y teniendo un di\u00e1logo continuo con toda la comunidad educativa que incluyan docentes, alumnos y padres.<\/p>\n","protected":false},"excerpt":{"rendered":"<p>En el marco de la Audiencia P\u00fablica que mantuvo Adosac Provincial\u00a0 en la Legislatura de la Ciudad de Buenos Aires<\/p>\n","protected":false},"author":8,"featured_media":1639,"comment_status":"open","ping_status":"closed","sticky":false,"template":"","format":"standard","meta":{"footnotes":""},"categories":[33],"tags":[],"class_list":["post-1637","post","type-post","status-publish","format-standard","has-post-thumbnail","hentry","category-politica"],"_links":{"self":[{"href":"https:\/\/ecosdelsur.com\/index.php?rest_route=\/wp\/v2\/posts\/1637","targetHints":{"allow":["GET"]}}],"collection":[{"href":"https:\/\/ecosdelsur.com\/index.php?rest_route=\/wp\/v2\/posts"}],"about":[{"href":"https:\/\/ecosdelsur.com\/index.php?rest_route=\/wp\/v2\/types\/post"}],"author":[{"embeddable":true,"href":"https:\/\/ecosdelsur.com\/index.php?rest_route=\/wp\/v2\/users\/8"}],"replies":[{"embeddable":true,"href":"https:\/\/ecosdelsur.com\/index.php?rest_route=%2Fwp%2Fv2%2Fcomments&post=1637"}],"version-history":[{"count":0,"href":"https:\/\/ecosdelsur.com\/index.php?rest_route=\/wp\/v2\/posts\/1637\/revisions"}],"wp:featuredmedia":[{"embeddable":true,"href":"https:\/\/ecosdelsur.com\/index.php?rest_route=\/wp\/v2\/media\/1639"}],"wp:attachment":[{"href":"https:\/\/ecosdelsur.com\/index.php?rest_route=%2Fwp%2Fv2%2Fmedia&parent=1637"}],"wp:term":[{"taxonomy":"category","embeddable":true,"href":"https:\/\/ecosdelsur.com\/index.php?rest_route=%2Fwp%2Fv2%2Fcategories&post=1637"},{"taxonomy":"post_tag","embeddable":true,"href":"https:\/\/ecosdelsur.com\/index.php?rest_route=%2Fwp%2Fv2%2Ftags&post=1637"}],"curies":[{"name":"wp","href":"https:\/\/api.w.org\/{rel}","templated":true}]}}