{"id":1583,"date":"2023-05-19T02:09:51","date_gmt":"2023-05-19T02:09:51","guid":{"rendered":"https:\/\/ecosdelsur.com\/?p=1583"},"modified":"2023-05-19T02:09:51","modified_gmt":"2023-05-19T02:09:51","slug":"el-inset-lanza-la-segunda-edicion-de-la-capacitacion-identidad-visual","status":"publish","type":"post","link":"https:\/\/ecosdelsur.com\/?p=1583","title":{"rendered":"El InSET lanza la segunda edici\u00f3n de la capacitaci\u00f3n \u201cIdentidad Visual\u201d"},"content":{"rendered":"<div class=\"itemIntroText\">El Instituto Superior de Ense\u00f1anza T\u00e9cnica (InSET), llevar\u00e1 adelante la segunda edici\u00f3n de la capacitaci\u00f3n \u201cEnerg\u00eda para Crecer, la Identidad Visual se construye\u201d, a cargo de la dise\u00f1adora Ver\u00f3nica Godoy. La clase inaugural, destinada a emprendedores locales y comunidad en general, se realizar\u00e1 el 1 de junio, a las 19:30, en la Escuela de Biolog\u00eda Marina, de Caleta Olivia.<\/div>\n<div class=\"itemFullText\">\n<p>Consultada sobre el desarrollo de la oferta formativa, Godoy se\u00f1al\u00f3 que esta capacitaci\u00f3n se puso en marcha el a\u00f1o pasado, con el objetivo principal de concientizar a emprendedores, artesanos y comerciantes sobre futuras ventas vinculadas a la promoci\u00f3n de la imagen visual de manera consciente y proyectada.<\/p>\n<p>Al mismo tiempo, afirm\u00f3 que tanto Caleta Olivia como la regi\u00f3n costera del Golfo San Jorge no cuentan con una imagen visual construida, cuando posee una gran cantidad recursos visuales para utilizar en el dise\u00f1o de una imagen propia.<\/p>\n<p>En ese sentido, Ver\u00f3nica Godoy expres\u00f3 que \u201cla identidad visual a punta al pensamiento creativo regional\u201d y reforz\u00f3 la idea de que cada productor y\/o emprendedor piense en funci\u00f3n del territorio generando una imagen de marca ciudad con una fuerte econom\u00eda regional.<\/p>\n<p>Asimismo, la dise\u00f1adora manifest\u00f3 que se trabajar\u00e1 en torno al binomio \u201cimagen-contenido\u201d y las maneras de presentar un producto brindando a los participantes una experiencia personalizada y enriquecedora de cada producto o emprendimiento.<\/p>\n<p>Durante la capacitaci\u00f3n se abordar\u00e1n aspectos vinculados al nombre, la elecci\u00f3n de colores, la presentaci\u00f3n y venta del producto, con el enfoque principal de diferenciarse y destacarse en un mercado saturado, a trav\u00e9s de una identidad visual aut\u00e9ntica y representativa de la Patagonia, y particularmente del Golfo de San Jorge.<\/p>\n<p>Tambi\u00e9n, se\u00f1al\u00f3 que este proyecto forma parte de las Pr\u00e1cticas Profesionalizantes de los estudiantes de quinto a\u00f1o de la Escuela de Biolog\u00eda Marina. Esta iniciativa promueve la integraci\u00f3n de la formaci\u00f3n acad\u00e9mica con la comprensi\u00f3n del impacto visual en el desarrollo de un producto o empresa desde sus primeras etapas.<\/p>\n<p>Por \u00faltimo, Godoy agreg\u00f3 que la propuesta de formaci\u00f3n consta de clases semanales que se extender\u00e1n durante todo el mes de junio. La inscripci\u00f3n es gratuita y est\u00e1 abierta a todos los interesados, sin requerimientos de conocimientos previos sobre el tema.<\/p>\n<p>Para inscripciones y m\u00e1s informaci\u00f3n dirigirse a la sede de InSET, ubicada en la calle R\u00edo Santa Cruz, sin n\u00famero, entre Cerro Murallon y Cerro Sombrero, Barrio Vista Hermosa II o bien a trav\u00e9s del correo electr\u00f3nico\u00a0<span id=\"cloakc18bf62c9e6521adbd4680d00127433e\"><a href=\"mailto:insetzn@gmail.com\">insetzn@gmail.com<\/a><\/span><\/p>\n<p>Adem\u00e1s, en el Facebook del InSET estar\u00e1 habitado el QR para escribirse\u00a0<a href=\"https:\/\/www.facebook.com\/InsetCaletaOlivia\">https:\/\/www.facebook.com\/InsetCaletaOlivia<\/a><\/p>\n<\/div>\n","protected":false},"excerpt":{"rendered":"<p>El Instituto Superior de Ense\u00f1anza T\u00e9cnica (InSET), llevar\u00e1 adelante la segunda edici\u00f3n de la capacitaci\u00f3n \u201cEnerg\u00eda para Crecer, la Identidad<\/p>\n","protected":false},"author":8,"featured_media":1584,"comment_status":"open","ping_status":"closed","sticky":false,"template":"","format":"standard","meta":{"footnotes":""},"categories":[89],"tags":[],"class_list":["post-1583","post","type-post","status-publish","format-standard","has-post-thumbnail","hentry","category-educacion"],"_links":{"self":[{"href":"https:\/\/ecosdelsur.com\/index.php?rest_route=\/wp\/v2\/posts\/1583","targetHints":{"allow":["GET"]}}],"collection":[{"href":"https:\/\/ecosdelsur.com\/index.php?rest_route=\/wp\/v2\/posts"}],"about":[{"href":"https:\/\/ecosdelsur.com\/index.php?rest_route=\/wp\/v2\/types\/post"}],"author":[{"embeddable":true,"href":"https:\/\/ecosdelsur.com\/index.php?rest_route=\/wp\/v2\/users\/8"}],"replies":[{"embeddable":true,"href":"https:\/\/ecosdelsur.com\/index.php?rest_route=%2Fwp%2Fv2%2Fcomments&post=1583"}],"version-history":[{"count":0,"href":"https:\/\/ecosdelsur.com\/index.php?rest_route=\/wp\/v2\/posts\/1583\/revisions"}],"wp:featuredmedia":[{"embeddable":true,"href":"https:\/\/ecosdelsur.com\/index.php?rest_route=\/wp\/v2\/media\/1584"}],"wp:attachment":[{"href":"https:\/\/ecosdelsur.com\/index.php?rest_route=%2Fwp%2Fv2%2Fmedia&parent=1583"}],"wp:term":[{"taxonomy":"category","embeddable":true,"href":"https:\/\/ecosdelsur.com\/index.php?rest_route=%2Fwp%2Fv2%2Fcategories&post=1583"},{"taxonomy":"post_tag","embeddable":true,"href":"https:\/\/ecosdelsur.com\/index.php?rest_route=%2Fwp%2Fv2%2Ftags&post=1583"}],"curies":[{"name":"wp","href":"https:\/\/api.w.org\/{rel}","templated":true}]}}