{"id":15666,"date":"2024-02-19T07:33:56","date_gmt":"2024-02-19T07:33:56","guid":{"rendered":"https:\/\/ecosdelsur.com\/?p=15666"},"modified":"2024-02-19T07:33:56","modified_gmt":"2024-02-19T07:33:56","slug":"un-joven-choco-un-arbol-y-se-desmayo","status":"publish","type":"post","link":"https:\/\/ecosdelsur.com\/?p=15666","title":{"rendered":"Un joven choc\u00f3 un \u00e1rbol y se desmay\u00f3"},"content":{"rendered":"<div class=\"datetime-description\"><time id=\"content-date\" datetime=\"2024-02-19T00:41:20\"><span style=\"color: #0000ff;\">Lunes, 19 de febrero de 2024<\/span>:<\/time>Un joven de 19 a\u00f1os conduc\u00eda un Fiat Palio por calle La Manchuria, cuando, en circunstancias que a\u00fan restan aclararse, choc\u00f3 un \u00e1rbol y fruto de sufrir un desmayo.<img decoding=\"async\" class=\"size-full wp-image-15667 alignright lazyload\" data-src=\"https:\/\/ecosdelsur.com\/wp-content\/uploads\/2024\/02\/WhatsApp-Image-2024-02-18-at-13.24.31.jpeg\" alt=\"\" width=\"640\" height=\"339\" data-srcset=\"https:\/\/ecosdelsur.com\/wp-content\/uploads\/2024\/02\/WhatsApp-Image-2024-02-18-at-13.24.31.jpeg 640w, https:\/\/ecosdelsur.com\/wp-content\/uploads\/2024\/02\/WhatsApp-Image-2024-02-18-at-13.24.31-300x159.jpeg 300w\" data-sizes=\"(max-width: 640px) 100vw, 640px\" src=\"data:image\/svg+xml;base64,PHN2ZyB3aWR0aD0iMSIgaGVpZ2h0PSIxIiB4bWxucz0iaHR0cDovL3d3dy53My5vcmcvMjAwMC9zdmciPjwvc3ZnPg==\" style=\"--smush-placeholder-width: 640px; --smush-placeholder-aspect-ratio: 640\/339;\" \/><\/div>\n<div>\n<p>En horas de la tarde noche del domingo, la Divisi\u00f3n Cuartel 19\u00b0 de Bomberos respondi\u00f3 a un llamado de emergencia en la calle La Manchuria 694.<\/p>\n<p>El incidente, clasificado como preventivo, involucr\u00f3 a un veh\u00edculo marca Fiat Punto, que choc\u00f3 contra un \u00e1rbol debido a que su conductor perdi\u00f3 el control tras sufrir un desmayo.<\/p>\n<p>La r\u00e1pida respuesta de los bomberos asegur\u00f3 que no hubiera p\u00e9rdida de fluidos del veh\u00edculo y se desconect\u00f3 la bater\u00eda como medida preventiva.<\/p>\n<p>Afortunadamente, no se reportaron lesionados ni v\u00edctimas fatales en el lugar. El propietario del veh\u00edculo es un joven de 19 a\u00f1os.<\/p>\n<p>La Divisi\u00f3n Comisar\u00eda 3ra., interviene en los tr\u00e1mites administrativos, y sectorizaci\u00f3n de la escena del incidente, mientras personal m\u00e9dico atiende al conductor, no observ\u00e1ndose lesiones visibles.<\/p>\n<\/div>\n","protected":false},"excerpt":{"rendered":"<p>Lunes, 19 de febrero de 2024:Un joven de 19 a\u00f1os conduc\u00eda un Fiat Palio por calle La Manchuria, cuando, en<\/p>\n","protected":false},"author":8,"featured_media":15668,"comment_status":"closed","ping_status":"closed","sticky":false,"template":"","format":"standard","meta":{"footnotes":""},"categories":[36],"tags":[],"class_list":["post-15666","post","type-post","status-publish","format-standard","has-post-thumbnail","hentry","category-policiales"],"_links":{"self":[{"href":"https:\/\/ecosdelsur.com\/index.php?rest_route=\/wp\/v2\/posts\/15666","targetHints":{"allow":["GET"]}}],"collection":[{"href":"https:\/\/ecosdelsur.com\/index.php?rest_route=\/wp\/v2\/posts"}],"about":[{"href":"https:\/\/ecosdelsur.com\/index.php?rest_route=\/wp\/v2\/types\/post"}],"author":[{"embeddable":true,"href":"https:\/\/ecosdelsur.com\/index.php?rest_route=\/wp\/v2\/users\/8"}],"replies":[{"embeddable":true,"href":"https:\/\/ecosdelsur.com\/index.php?rest_route=%2Fwp%2Fv2%2Fcomments&post=15666"}],"version-history":[{"count":0,"href":"https:\/\/ecosdelsur.com\/index.php?rest_route=\/wp\/v2\/posts\/15666\/revisions"}],"wp:featuredmedia":[{"embeddable":true,"href":"https:\/\/ecosdelsur.com\/index.php?rest_route=\/wp\/v2\/media\/15668"}],"wp:attachment":[{"href":"https:\/\/ecosdelsur.com\/index.php?rest_route=%2Fwp%2Fv2%2Fmedia&parent=15666"}],"wp:term":[{"taxonomy":"category","embeddable":true,"href":"https:\/\/ecosdelsur.com\/index.php?rest_route=%2Fwp%2Fv2%2Fcategories&post=15666"},{"taxonomy":"post_tag","embeddable":true,"href":"https:\/\/ecosdelsur.com\/index.php?rest_route=%2Fwp%2Fv2%2Ftags&post=15666"}],"curies":[{"name":"wp","href":"https:\/\/api.w.org\/{rel}","templated":true}]}}