{"id":15663,"date":"2024-02-19T07:25:23","date_gmt":"2024-02-19T07:25:23","guid":{"rendered":"https:\/\/ecosdelsur.com\/?p=15663"},"modified":"2024-02-19T07:29:24","modified_gmt":"2024-02-19T07:29:24","slug":"motociclistas-sufrio-un-grave-accidente-en-la-ruta-n-5","status":"publish","type":"post","link":"https:\/\/ecosdelsur.com\/?p=15663","title":{"rendered":"Motociclistas sufri\u00f3 un grave accidente en la Ruta N\u00b0 5"},"content":{"rendered":"<p>19\/02\/2024- Un tr\u00e1gico incidente vial se report\u00f3 hace unos minutos en las inmediaciones de la Ruta Provincial Nro. 5, conocida como, curva de Las Horquetas, un hombre identificado como Cacho Teppa, reconocido vecino de R\u00edo Gallegos, se vio involucrado en un accidente mientras conduc\u00eda su motocicleta.<img decoding=\"async\" class=\"size-full wp-image-15664 alignright lazyload\" data-src=\"https:\/\/ecosdelsur.com\/wp-content\/uploads\/2024\/02\/WhatsApp-Image-2024-02-18-at-23.38.30.jpeg\" alt=\"\" width=\"585\" height=\"480\" data-srcset=\"https:\/\/ecosdelsur.com\/wp-content\/uploads\/2024\/02\/WhatsApp-Image-2024-02-18-at-23.38.30.jpeg 585w, https:\/\/ecosdelsur.com\/wp-content\/uploads\/2024\/02\/WhatsApp-Image-2024-02-18-at-23.38.30-300x246.jpeg 300w\" data-sizes=\"(max-width: 585px) 100vw, 585px\" src=\"data:image\/svg+xml;base64,PHN2ZyB3aWR0aD0iMSIgaGVpZ2h0PSIxIiB4bWxucz0iaHR0cDovL3d3dy53My5vcmcvMjAwMC9zdmciPjwvc3ZnPg==\" style=\"--smush-placeholder-width: 585px; --smush-placeholder-aspect-ratio: 585\/480;\" \/><\/p>\n<p>Los efectivos de la Direcci\u00f3n General de Polic\u00eda Caminera respondieron r\u00e1pidamente al incidente y encontraron al conductor en estado cr\u00edtico. Fue trasladado de urgencia al Hospital Regional de R\u00edo Gallegos, donde se encuentra luchando por su vida con signos vitales d\u00e9biles.<\/p>\n<p>En el lugar del incidente, se llev\u00f3 a cabo una intervenci\u00f3n vital: se practic\u00f3 RCP (Reanimaci\u00f3n Cardio Pulmonar) para estabilizar al herido antes de su traslado al centro m\u00e9dico. Adem\u00e1s, se estableci\u00f3 una consigna policial en el \u00e1rea hasta la llegada de la Divisi\u00f3n Accidentolog\u00eda Vial para investigar las causas del siniestro.<\/p>\n","protected":false},"excerpt":{"rendered":"<p>19\/02\/2024- Un tr\u00e1gico incidente vial se report\u00f3 hace unos minutos en las inmediaciones de la Ruta Provincial Nro. 5, conocida<\/p>\n","protected":false},"author":8,"featured_media":15664,"comment_status":"closed","ping_status":"closed","sticky":false,"template":"","format":"standard","meta":{"footnotes":""},"categories":[36],"tags":[],"class_list":["post-15663","post","type-post","status-publish","format-standard","has-post-thumbnail","hentry","category-policiales"],"_links":{"self":[{"href":"https:\/\/ecosdelsur.com\/index.php?rest_route=\/wp\/v2\/posts\/15663","targetHints":{"allow":["GET"]}}],"collection":[{"href":"https:\/\/ecosdelsur.com\/index.php?rest_route=\/wp\/v2\/posts"}],"about":[{"href":"https:\/\/ecosdelsur.com\/index.php?rest_route=\/wp\/v2\/types\/post"}],"author":[{"embeddable":true,"href":"https:\/\/ecosdelsur.com\/index.php?rest_route=\/wp\/v2\/users\/8"}],"replies":[{"embeddable":true,"href":"https:\/\/ecosdelsur.com\/index.php?rest_route=%2Fwp%2Fv2%2Fcomments&post=15663"}],"version-history":[{"count":0,"href":"https:\/\/ecosdelsur.com\/index.php?rest_route=\/wp\/v2\/posts\/15663\/revisions"}],"wp:featuredmedia":[{"embeddable":true,"href":"https:\/\/ecosdelsur.com\/index.php?rest_route=\/wp\/v2\/media\/15664"}],"wp:attachment":[{"href":"https:\/\/ecosdelsur.com\/index.php?rest_route=%2Fwp%2Fv2%2Fmedia&parent=15663"}],"wp:term":[{"taxonomy":"category","embeddable":true,"href":"https:\/\/ecosdelsur.com\/index.php?rest_route=%2Fwp%2Fv2%2Fcategories&post=15663"},{"taxonomy":"post_tag","embeddable":true,"href":"https:\/\/ecosdelsur.com\/index.php?rest_route=%2Fwp%2Fv2%2Ftags&post=15663"}],"curies":[{"name":"wp","href":"https:\/\/api.w.org\/{rel}","templated":true}]}}