{"id":15542,"date":"2024-02-15T20:49:29","date_gmt":"2024-02-15T20:49:29","guid":{"rendered":"https:\/\/ecosdelsur.com\/?p=15542"},"modified":"2024-02-15T20:50:08","modified_gmt":"2024-02-15T20:50:08","slug":"la-municipalidad-convoco-a-fuveco-para-avanzar-en-soluciones-para-los-vecinos","status":"publish","type":"post","link":"https:\/\/ecosdelsur.com\/?p=15542","title":{"rendered":"La Municipalidad convoc\u00f3 a FUVECO para avanzar en soluciones para los vecinos"},"content":{"rendered":"<p>15\/02\/2024- La Federaci\u00f3n de Uniones Vecinales de Caleta Olivia (FUVECO), se reuni\u00f3 con funcionarios municipales, Los vecinalistas dieron a conocer en detalle las necesidades m\u00e1s urgentes para delinear un eje de tareas conjuntas.<img decoding=\"async\" class=\"size-full wp-image-15543 aligncenter lazyload\" data-src=\"https:\/\/ecosdelsur.com\/wp-content\/uploads\/2024\/02\/WhatsApp-Image-2024-02-15-at-15.51.09.jpeg\" alt=\"\" width=\"640\" height=\"373\" data-srcset=\"https:\/\/ecosdelsur.com\/wp-content\/uploads\/2024\/02\/WhatsApp-Image-2024-02-15-at-15.51.09.jpeg 640w, https:\/\/ecosdelsur.com\/wp-content\/uploads\/2024\/02\/WhatsApp-Image-2024-02-15-at-15.51.09-300x175.jpeg 300w\" data-sizes=\"(max-width: 640px) 100vw, 640px\" src=\"data:image\/svg+xml;base64,PHN2ZyB3aWR0aD0iMSIgaGVpZ2h0PSIxIiB4bWxucz0iaHR0cDovL3d3dy53My5vcmcvMjAwMC9zdmciPjwvc3ZnPg==\" style=\"--smush-placeholder-width: 640px; --smush-placeholder-aspect-ratio: 640\/373;\" \/><\/p>\n<p>Esta ma\u00f1ana, en FM Municipal la presidenta de FUVECO, Claudia Fuertes, brind\u00f3 declaraciones respecto al encuentro realizado d\u00edas atr\u00e1s. Seg\u00fan lo manifest\u00f3, se les solicit\u00f3 presentar los requerimientos m\u00e1s prioritarios.<\/p>\n<p>Participaron de la reuni\u00f3n igualmente, Valeria Zamora, supervisora de Relaciones Institucionales, Jos\u00e9 Espinoza por Obras P\u00fablicas y Leticia V\u00e1zquez, por Gesti\u00f3n Ambiental.<\/p>\n<p>En este sentido, Claudia Fuertes coment\u00f3 que estuvieron tambi\u00e9n los representantes barriales y a\u00f1adi\u00f3, \u201cdeb\u00edamos llevar cinco puntos importantes para tratar. El tema prioritario es la situaci\u00f3n del agua, pero lamentablemente no estuvo Servicios P\u00fablicos\u201d.<\/p>\n<p>Sin embargo, pudieron plantear la necesidad de dar seguridad en la circulaci\u00f3n en los accesos a la ciudad como ser en el barrio 17 de Octubre y el ingreso a CODEDCO, algunos sitios con poca iluminaci\u00f3n, adem\u00e1s de los desechos cloacales y verificar desbordes de agua en determinados puntos de la ciudad.<\/p>\n<p>Otra cuesti\u00f3n es la falta de regulaci\u00f3n en los precios que se cobran por el servicio particular de distribuci\u00f3n.<\/p>\n<p>\u201cNo hay regulaci\u00f3n respecto a tarifas, hay repartos que valen entre 7 u 8 mil pesos hasta 15 mil\u201d, coment\u00f3. Por lo expuesto, solicitaron una reuni\u00f3n con el intendente municipal, Pablo Carrizo y que pueda interceder para exigir a la empresa provincial que a\u00fane los recursos para dar inmediata soluci\u00f3n.<\/p>\n<p>Problem\u00e1tica del agua<\/p>\n<p>A su vez, el gerente de SPSE, Diego Flores se expres\u00f3 en dicho medio, y pormenoriza los trabajos que realizan para remediar la situaci\u00f3n de falta de agua.<\/p>\n<p>Sobre la Planta de \u00d3smosis Inversa dijo, \u201cven\u00eda funcionando muy bien 30 horas y recuperaba 8, pero era insuficiente para la ciudad. En un gran esfuerzo del gerente de la planta, ayer confirm\u00f3 que vuelve a bombear 20 horas\u201d.<\/p>\n<p>M\u00e1s adelante, afirm\u00f3: \u201cAyer recib\u00ed el llamado del intendente municipal y le brind\u00e9 un panorama de c\u00f3mo est\u00e1 la situaci\u00f3n hoy\u201d De este modo, consider\u00f3 que la idea es normalizar el servicio para dar respuestas a los vecinos.<\/p>\n<p>\u201cEstamos trabajando con la municipalidad, eso es bueno, buscamos alternativas. Tambi\u00e9n, d\u00e1ndole tiempo al gobierno para que se acomode y haga nuevas inversiones. Vamos a ir avanzando, apuntando a proyectos que permitan a Caleta Olivia dejar de tener el problema del agua\u201d, cerr\u00f3.<\/p>\n","protected":false},"excerpt":{"rendered":"<p>15\/02\/2024- La Federaci\u00f3n de Uniones Vecinales de Caleta Olivia (FUVECO), se reuni\u00f3 con funcionarios municipales, Los vecinalistas dieron a conocer<\/p>\n","protected":false},"author":8,"featured_media":15544,"comment_status":"closed","ping_status":"closed","sticky":false,"template":"","format":"standard","meta":{"footnotes":""},"categories":[40],"tags":[],"class_list":["post-15542","post","type-post","status-publish","format-standard","has-post-thumbnail","hentry","category-municipales"],"_links":{"self":[{"href":"https:\/\/ecosdelsur.com\/index.php?rest_route=\/wp\/v2\/posts\/15542","targetHints":{"allow":["GET"]}}],"collection":[{"href":"https:\/\/ecosdelsur.com\/index.php?rest_route=\/wp\/v2\/posts"}],"about":[{"href":"https:\/\/ecosdelsur.com\/index.php?rest_route=\/wp\/v2\/types\/post"}],"author":[{"embeddable":true,"href":"https:\/\/ecosdelsur.com\/index.php?rest_route=\/wp\/v2\/users\/8"}],"replies":[{"embeddable":true,"href":"https:\/\/ecosdelsur.com\/index.php?rest_route=%2Fwp%2Fv2%2Fcomments&post=15542"}],"version-history":[{"count":0,"href":"https:\/\/ecosdelsur.com\/index.php?rest_route=\/wp\/v2\/posts\/15542\/revisions"}],"wp:featuredmedia":[{"embeddable":true,"href":"https:\/\/ecosdelsur.com\/index.php?rest_route=\/wp\/v2\/media\/15544"}],"wp:attachment":[{"href":"https:\/\/ecosdelsur.com\/index.php?rest_route=%2Fwp%2Fv2%2Fmedia&parent=15542"}],"wp:term":[{"taxonomy":"category","embeddable":true,"href":"https:\/\/ecosdelsur.com\/index.php?rest_route=%2Fwp%2Fv2%2Fcategories&post=15542"},{"taxonomy":"post_tag","embeddable":true,"href":"https:\/\/ecosdelsur.com\/index.php?rest_route=%2Fwp%2Fv2%2Ftags&post=15542"}],"curies":[{"name":"wp","href":"https:\/\/api.w.org\/{rel}","templated":true}]}}