{"id":1554,"date":"2023-05-18T05:30:49","date_gmt":"2023-05-18T05:30:49","guid":{"rendered":"https:\/\/ecosdelsur.com\/?p=1554"},"modified":"2023-05-18T05:38:49","modified_gmt":"2023-05-18T05:38:49","slug":"con-buena-convocatoria-comenzo-a-desarrollarse-la-semana-del-reciclaje","status":"publish","type":"post","link":"https:\/\/ecosdelsur.com\/?p=1554","title":{"rendered":"Con buena convocatoria comenz\u00f3 a desarrollarse la semana del reciclaje \u00a0"},"content":{"rendered":"<p class=\"yiv8064406892MsoNormal\"><i><span class=\"yiv8064406892ContentPasted0\">En el marco del D\u00eda Mundial del Reciclaje y el Reciclador, el municipio, mediante la Secretar\u00eda de Ambiente y Desarrollo Sostenible, lanz\u00f3 una campa\u00f1a denominada \u201cReciclat\u00f3n\u201d, que busca sensibilizar a la comunidad acerca de la importancia de convertir los residuos en recursos. \u00a0<\/span><\/i><\/p>\n<p class=\"yiv8064406892MsoNormal\"><i>\u00a0<\/i><span class=\"yiv8064406892ContentPasted0\">Dicha iniciativa comenz\u00f3 este mi\u00e9rcoles con la instalaci\u00f3n del Punto Verde M\u00f3vil en inmediaciones al monumento El Gorosito, para recibir all\u00ed material reciclable, de 9 a 17 horas. Durante estas jornadas podr\u00e1n acercar eco botellas (relleno de envoltorios pl\u00e1sticos), papel, cart\u00f3n, aluminio, pl\u00e1stico, y metales varios. Asimismo, RAEES (residuos de aparatos el\u00e9ctricos y electr\u00f3nicos); Desde el \u00e1rea comunal solicitan que el material est\u00e9 limpio y seco. \u00a0<\/span><\/p>\n<p class=\"yiv8064406892MsoNormal\"><span class=\"yiv8064406892ContentPasted0\">Por otro lado, en conjunto con el Vivero Municipal y los organismos INTA e INAFCI, llevar\u00e1n a cabo un Taller de Elaboraci\u00f3n de Compost y Construcci\u00f3n de Composteras, en el vivero de la Comuna, \u201cPunto Org\u00e1nico\u201d, situado en Aromos entre Circunvalaci\u00f3n y Piquill\u00edn, Zona de Chacras, el 18 de mayo a partir de las 15 horas. \u00a0<\/span><\/p>\n<p class=\"yiv8064406892MsoNormal\"><span class=\"yiv8064406892ContentPasted0\">En este contexto, Gabriela Anderson, subsecretaria de Educaci\u00f3n Ambiental, explic\u00f3 que la idea es que la poblaci\u00f3n sepa que en la ciudad se est\u00e1 recuperando materiales y que existen alrededor de 30 familias que hacen de esto su modo de vida. \u00a0<\/span><\/p>\n<p class=\"yiv8064406892MsoNormal\"><b><i><span class=\"yiv8064406892ContentPasted0\">\u201cInvitamos a los vecinos a que se acerquen a depositar sus materiales tanto aqu\u00ed, como en breve, en las Uniones Vecinales. Tambi\u00e9n estar\u00e1n los talleres y esperamos que se sumen porque creemos que de esta manera vamos a generar conciencia y acciones verdes\u201d,<\/span><\/i><\/b><span class=\"yiv8064406892ContentPasted0\">\u00a0culmin\u00f3. \u00a0<\/span><\/p>\n<p class=\"yiv8064406892MsoNormal\"><span class=\"yiv8064406892ContentPasted0\">Es sabido que del reciclaje emergen variados beneficios para el ambiente, es por eso que este municipio desarrolla esta semana integral de actividades, en la b\u00fasqueda de alcanzar ciudadanos conscientes, comprometidos y que contribuyan a las tareas de reciclado.\u00a0\u00a0\u00a0\u00a0<\/span><\/p>\n","protected":false},"excerpt":{"rendered":"<p>En el marco del D\u00eda Mundial del Reciclaje y el Reciclador, el municipio, mediante la Secretar\u00eda de Ambiente y Desarrollo<\/p>\n","protected":false},"author":8,"featured_media":1555,"comment_status":"open","ping_status":"closed","sticky":false,"template":"","format":"standard","meta":{"footnotes":""},"categories":[35],"tags":[],"class_list":["post-1554","post","type-post","status-publish","format-standard","has-post-thumbnail","hentry","category-sociedad"],"_links":{"self":[{"href":"https:\/\/ecosdelsur.com\/index.php?rest_route=\/wp\/v2\/posts\/1554","targetHints":{"allow":["GET"]}}],"collection":[{"href":"https:\/\/ecosdelsur.com\/index.php?rest_route=\/wp\/v2\/posts"}],"about":[{"href":"https:\/\/ecosdelsur.com\/index.php?rest_route=\/wp\/v2\/types\/post"}],"author":[{"embeddable":true,"href":"https:\/\/ecosdelsur.com\/index.php?rest_route=\/wp\/v2\/users\/8"}],"replies":[{"embeddable":true,"href":"https:\/\/ecosdelsur.com\/index.php?rest_route=%2Fwp%2Fv2%2Fcomments&post=1554"}],"version-history":[{"count":0,"href":"https:\/\/ecosdelsur.com\/index.php?rest_route=\/wp\/v2\/posts\/1554\/revisions"}],"wp:featuredmedia":[{"embeddable":true,"href":"https:\/\/ecosdelsur.com\/index.php?rest_route=\/wp\/v2\/media\/1555"}],"wp:attachment":[{"href":"https:\/\/ecosdelsur.com\/index.php?rest_route=%2Fwp%2Fv2%2Fmedia&parent=1554"}],"wp:term":[{"taxonomy":"category","embeddable":true,"href":"https:\/\/ecosdelsur.com\/index.php?rest_route=%2Fwp%2Fv2%2Fcategories&post=1554"},{"taxonomy":"post_tag","embeddable":true,"href":"https:\/\/ecosdelsur.com\/index.php?rest_route=%2Fwp%2Fv2%2Ftags&post=1554"}],"curies":[{"name":"wp","href":"https:\/\/api.w.org\/{rel}","templated":true}]}}