{"id":15535,"date":"2024-02-15T18:01:59","date_gmt":"2024-02-15T18:01:59","guid":{"rendered":"https:\/\/ecosdelsur.com\/?p=15535"},"modified":"2024-02-15T18:02:29","modified_gmt":"2024-02-15T18:02:29","slug":"jorge-avendano-nos-encontramos-con-un-descontrol-total-en-el-distrito-de-puerto-san-julian","status":"publish","type":"post","link":"https:\/\/ecosdelsur.com\/?p=15535","title":{"rendered":"Jorge Avenda\u00f1o: \u201cNos encontramos con un descontrol total en el distrito de Puerto San Juli\u00e1n\u201d"},"content":{"rendered":"<p><span style=\"font-size: 16px;\">15\/02\/2023- El pasado fin de semana, el presidente de la Servicios P\u00fablicos Sociedad del Estado, Jorge Avenda\u00f1o se reuni\u00f3 con la gerenta del Distrito Puerto San Juli\u00e1n de la empresa provincial, Daniela Romillo e integrantes de su equipo de trabajo, a los efectos de conocer la situaci\u00f3n del Distrito. \u201cTodo estaba librado al criterio personal de cada uno\u201d.<img decoding=\"async\" class=\"size-full wp-image-15536 aligncenter lazyload\" data-src=\"https:\/\/ecosdelsur.com\/wp-content\/uploads\/2024\/02\/WhatsApp_Image_2024-02-14_at_12.21.39_PM.jpeg\" alt=\"\" width=\"640\" height=\"347\" data-srcset=\"https:\/\/ecosdelsur.com\/wp-content\/uploads\/2024\/02\/WhatsApp_Image_2024-02-14_at_12.21.39_PM.jpeg 640w, https:\/\/ecosdelsur.com\/wp-content\/uploads\/2024\/02\/WhatsApp_Image_2024-02-14_at_12.21.39_PM-300x163.jpeg 300w\" data-sizes=\"(max-width: 640px) 100vw, 640px\" src=\"data:image\/svg+xml;base64,PHN2ZyB3aWR0aD0iMSIgaGVpZ2h0PSIxIiB4bWxucz0iaHR0cDovL3d3dy53My5vcmcvMjAwMC9zdmciPjwvc3ZnPg==\" style=\"--smush-placeholder-width: 640px; --smush-placeholder-aspect-ratio: 640\/347;\" \/><\/span><\/p>\n<div class=\"itemFullText\">\n<p>Luego del encuentro, Avenda\u00f1o calific\u00f3 a la mesa de trabajo como positiva y fruct\u00edfera. \u201cEn la oportunidad nos pusimos al tanto de las falencias que tienen en el distrito en cuanto al sector operativo. A la vez dialogamos acerca de las premisas de trabajo que tenemos desde la empresa en dicho sector, los planteles, y las normas que se deben cumplir. Todo estaba librado al criterio personal de cada uno\u201d, expuso. En ese sentido, remarc\u00f3: \u201cLa verdad que nos encontramos con un descontrol total en el distrito, generado por las autoridades anteriores. La nueva gerenta est\u00e1 ordenando de a poco estas cuestiones. Le hemos ofrecido todo nuestro apoyo\u201d.<\/p>\n<p>Por otra parte, el presidente de SPSE anticip\u00f3 que este jueves viajar\u00e1 a la localidad de Jaramillo, un equipo de operativa inform\u00e1tica para avanzar en el tema de la telemetr\u00eda y los controles que tiene que haber con los pozos. Adem\u00e1s, se evaluar\u00e1n todos los sectores que se tienen que ordenar tanto en energ\u00eda como saneamiento.<\/p>\n<p>Adem\u00e1s, se sumaron a la reuni\u00f3n, el gerente General de Explotaci\u00f3n, Miguel Arroyo; y los Jefes Operativos de Energ\u00eda y Saneamiento de la localidad.<\/p>\n<\/div>\n","protected":false},"excerpt":{"rendered":"<p>15\/02\/2023- El pasado fin de semana, el presidente de la Servicios P\u00fablicos Sociedad del Estado, Jorge Avenda\u00f1o se reuni\u00f3 con<\/p>\n","protected":false},"author":8,"featured_media":15537,"comment_status":"closed","ping_status":"closed","sticky":false,"template":"","format":"standard","meta":{"footnotes":""},"categories":[87],"tags":[],"class_list":["post-15535","post","type-post","status-publish","format-standard","has-post-thumbnail","hentry","category-provinciales"],"_links":{"self":[{"href":"https:\/\/ecosdelsur.com\/index.php?rest_route=\/wp\/v2\/posts\/15535","targetHints":{"allow":["GET"]}}],"collection":[{"href":"https:\/\/ecosdelsur.com\/index.php?rest_route=\/wp\/v2\/posts"}],"about":[{"href":"https:\/\/ecosdelsur.com\/index.php?rest_route=\/wp\/v2\/types\/post"}],"author":[{"embeddable":true,"href":"https:\/\/ecosdelsur.com\/index.php?rest_route=\/wp\/v2\/users\/8"}],"replies":[{"embeddable":true,"href":"https:\/\/ecosdelsur.com\/index.php?rest_route=%2Fwp%2Fv2%2Fcomments&post=15535"}],"version-history":[{"count":0,"href":"https:\/\/ecosdelsur.com\/index.php?rest_route=\/wp\/v2\/posts\/15535\/revisions"}],"wp:featuredmedia":[{"embeddable":true,"href":"https:\/\/ecosdelsur.com\/index.php?rest_route=\/wp\/v2\/media\/15537"}],"wp:attachment":[{"href":"https:\/\/ecosdelsur.com\/index.php?rest_route=%2Fwp%2Fv2%2Fmedia&parent=15535"}],"wp:term":[{"taxonomy":"category","embeddable":true,"href":"https:\/\/ecosdelsur.com\/index.php?rest_route=%2Fwp%2Fv2%2Fcategories&post=15535"},{"taxonomy":"post_tag","embeddable":true,"href":"https:\/\/ecosdelsur.com\/index.php?rest_route=%2Fwp%2Fv2%2Ftags&post=15535"}],"curies":[{"name":"wp","href":"https:\/\/api.w.org\/{rel}","templated":true}]}}