{"id":15530,"date":"2024-02-15T17:56:34","date_gmt":"2024-02-15T17:56:34","guid":{"rendered":"https:\/\/ecosdelsur.com\/?p=15530"},"modified":"2024-02-15T18:03:04","modified_gmt":"2024-02-15T18:03:04","slug":"autoridades-de-educacion-se-reunieron-en-la-casa-de-santa-cruz","status":"publish","type":"post","link":"https:\/\/ecosdelsur.com\/?p=15530","title":{"rendered":"Autoridades de Educaci\u00f3n se reunieron en la Casa de Santa Cruz"},"content":{"rendered":"<p><span style=\"font-size: 16px;\">15\/02\/2024- La directora de la Casa de Santa Cruz, Agustina Aguiar, recibi\u00f3 al presidente del Consejo Provincial de Educaci\u00f3n, Daniel Busquet, y la secretaria de Gesti\u00f3n Educativa, Mar\u00eda del Carmen Ba\u00f1os. En el encuentro, dialogaron sobre c\u00f3mo funciona el organismo provincial en la capital del pa\u00eds.<img decoding=\"async\" class=\"size-full wp-image-15532 aligncenter lazyload\" data-src=\"https:\/\/ecosdelsur.com\/wp-content\/uploads\/2024\/02\/WhatsApp_Image_2024-02-14_at_13.09.30_1.jpeg\" alt=\"\" width=\"640\" height=\"349\" data-srcset=\"https:\/\/ecosdelsur.com\/wp-content\/uploads\/2024\/02\/WhatsApp_Image_2024-02-14_at_13.09.30_1.jpeg 640w, https:\/\/ecosdelsur.com\/wp-content\/uploads\/2024\/02\/WhatsApp_Image_2024-02-14_at_13.09.30_1-300x164.jpeg 300w\" data-sizes=\"(max-width: 640px) 100vw, 640px\" src=\"data:image\/svg+xml;base64,PHN2ZyB3aWR0aD0iMSIgaGVpZ2h0PSIxIiB4bWxucz0iaHR0cDovL3d3dy53My5vcmcvMjAwMC9zdmciPjwvc3ZnPg==\" style=\"--smush-placeholder-width: 640px; --smush-placeholder-aspect-ratio: 640\/349;\" \/><\/span><\/p>\n<div class=\"itemFullText\">\n<p>Las autoridades de la Cartera Educativa mantienen una agenda en Buenos Aires enmarcadas en el Consejo Federal de Educaci\u00f3n que se realiza en la capital del pa\u00eds. En este sentido, el titular del CPE, Daniel Busquet, estuvo presente en la Casa de Santa Cruz, junto a su directora Agustina Aguiar, y la secretaria de Gesti\u00f3n Educativa, Mar\u00eda del Carmen Ba\u00f1os.<\/p>\n<p>Durante el encuentro con la directora del organismo, dialogaron respecto a temas inherentes a la casa santacruce\u00f1a, su din\u00e1mica y operatividad.<\/p>\n<p>Las autoridades visitaron, en particular, el sector donde funciona la escuela domiciliaria hospitalaria de Santa Cruz, que se encarga de brindar apoyo escolar a los ni\u00f1os y ni\u00f1as y hermanos que llegan derivados a Buenos Aires. Se trata de casos de madres que tienen m\u00e1s de un menor a cargo y viajan con los hijos por temas de salud. En la reuni\u00f3n, las autoridades tomaron conocimiento de la labor de quienes ense\u00f1an y brindan contenci\u00f3n a las familias santacruce\u00f1as.<\/p>\n<\/div>\n","protected":false},"excerpt":{"rendered":"<p>15\/02\/2024- La directora de la Casa de Santa Cruz, Agustina Aguiar, recibi\u00f3 al presidente del Consejo Provincial de Educaci\u00f3n, Daniel<\/p>\n","protected":false},"author":8,"featured_media":15531,"comment_status":"closed","ping_status":"closed","sticky":false,"template":"","format":"standard","meta":{"footnotes":""},"categories":[89],"tags":[],"class_list":["post-15530","post","type-post","status-publish","format-standard","has-post-thumbnail","hentry","category-educacion"],"_links":{"self":[{"href":"https:\/\/ecosdelsur.com\/index.php?rest_route=\/wp\/v2\/posts\/15530","targetHints":{"allow":["GET"]}}],"collection":[{"href":"https:\/\/ecosdelsur.com\/index.php?rest_route=\/wp\/v2\/posts"}],"about":[{"href":"https:\/\/ecosdelsur.com\/index.php?rest_route=\/wp\/v2\/types\/post"}],"author":[{"embeddable":true,"href":"https:\/\/ecosdelsur.com\/index.php?rest_route=\/wp\/v2\/users\/8"}],"replies":[{"embeddable":true,"href":"https:\/\/ecosdelsur.com\/index.php?rest_route=%2Fwp%2Fv2%2Fcomments&post=15530"}],"version-history":[{"count":0,"href":"https:\/\/ecosdelsur.com\/index.php?rest_route=\/wp\/v2\/posts\/15530\/revisions"}],"wp:featuredmedia":[{"embeddable":true,"href":"https:\/\/ecosdelsur.com\/index.php?rest_route=\/wp\/v2\/media\/15531"}],"wp:attachment":[{"href":"https:\/\/ecosdelsur.com\/index.php?rest_route=%2Fwp%2Fv2%2Fmedia&parent=15530"}],"wp:term":[{"taxonomy":"category","embeddable":true,"href":"https:\/\/ecosdelsur.com\/index.php?rest_route=%2Fwp%2Fv2%2Fcategories&post=15530"},{"taxonomy":"post_tag","embeddable":true,"href":"https:\/\/ecosdelsur.com\/index.php?rest_route=%2Fwp%2Fv2%2Ftags&post=15530"}],"curies":[{"name":"wp","href":"https:\/\/api.w.org\/{rel}","templated":true}]}}