{"id":1547,"date":"2023-05-18T04:29:42","date_gmt":"2023-05-18T04:29:42","guid":{"rendered":"https:\/\/ecosdelsur.com\/?p=1547"},"modified":"2023-05-18T04:29:42","modified_gmt":"2023-05-18T04:29:42","slug":"acuerdo-de-precios-en-carne-para-los-y-las-caletenses-a-traves-del-programa-a-tu-puerta","status":"publish","type":"post","link":"https:\/\/ecosdelsur.com\/?p=1547","title":{"rendered":"Acuerdo de precios en carne para los y las caletenses a trav\u00e9s del Programa &#8220;A tu Puerta&#8221;"},"content":{"rendered":"<p class=\"yiv7554198343MsoNormal\"><b><span class=\"yiv7554198343ContentPasted0\"><img decoding=\"async\" class=\"aligncenter wp-image-1548 size-full lazyload\" data-src=\"https:\/\/ecosdelsur.com\/wp-content\/uploads\/2023\/05\/carne1.jpg\" alt=\"\" width=\"800\" height=\"434\" data-srcset=\"https:\/\/ecosdelsur.com\/wp-content\/uploads\/2023\/05\/carne1.jpg 800w, https:\/\/ecosdelsur.com\/wp-content\/uploads\/2023\/05\/carne1-300x163.jpg 300w, https:\/\/ecosdelsur.com\/wp-content\/uploads\/2023\/05\/carne1-768x417.jpg 768w\" data-sizes=\"(max-width: 800px) 100vw, 800px\" src=\"data:image\/svg+xml;base64,PHN2ZyB3aWR0aD0iMSIgaGVpZ2h0PSIxIiB4bWxucz0iaHR0cDovL3d3dy53My5vcmcvMjAwMC9zdmciPjwvc3ZnPg==\" style=\"--smush-placeholder-width: 800px; --smush-placeholder-aspect-ratio: 800\/434;\" \/> \u00a0\u00a0<\/span><\/b><\/p>\n<p class=\"yiv7554198343MsoNormal\"><i><span class=\"yiv7554198343ContentPasted0\">El intendente, Fernando Cotillo rubric\u00f3 un convenio con seis carnicer\u00edas de la ciudad para ofrecer nueve cortes de carne vacuna a precios accesibles. La r\u00fabrica se concret\u00f3 este mi\u00e9rcoles en Sala de Situaci\u00f3n de la comuna. \u00a0<\/span><\/i><\/p>\n<p class=\"yiv7554198343MsoNormal\"><i>\u00a0<\/i><\/p>\n<p class=\"yiv7554198343MsoNormal\"><span class=\"yiv7554198343ContentPasted0\">Con esta iniciativa, el Municipio busca brindar soluciones concretas para atender la situaci\u00f3n econ\u00f3mica y fomentar el comercio local. \u00a0<\/span><\/p>\n<p class=\"yiv7554198343MsoNormal\"><span class=\"yiv7554198343ContentPasted0\">El Programa &#8220;A tu Puerta&#8221; se posiciona como una gran opci\u00f3n beneficiosa para la comunidad de Caleta Olivia, promoviendo el acceso a productos de calidad a precios m\u00e1s accesibles. \u00a0<\/span><\/p>\n<p class=\"yiv7554198343MsoNormal\"><span class=\"yiv7554198343ContentPasted0\">El intendente Cotillo resalt\u00f3 la importancia de esta propuesta para los caletenses<b><i class=\"yiv7554198343ContentPasted0\">. &#8220;Bajar entre un 35% y 40% el valor del kilo de carne es muy importante para que los vecinos tengan m\u00e1s oportunidades&#8221;,<\/i><\/b>\u00a0se\u00f1al\u00f3. \u00a0<\/span><\/p>\n<p class=\"yiv7554198343MsoNormal\"><span class=\"yiv7554198343ContentPasted0\">Las carnicer\u00edas participantes son &#8220;Patagonia Res&#8221;, &#8220;Productos del Valle&#8221;, &#8220;S\u00faper Carnicer\u00eda Mercado&#8221;, &#8220;La Boutique de la Carne&#8221;, &#8220;R\u00edo Negro&#8221; y &#8220;El Centro&#8221;. \u00a0<\/span><\/p>\n<p class=\"yiv7554198343MsoNormal\"><span class=\"yiv7554198343ContentPasted0\">La secretaria de Producci\u00f3n del Municipio, Tania Sasso, expres\u00f3 su agradecimiento a los propietarios de las carnicer\u00edas que se sumaron a esta iniciativa. \u00a0<\/span><\/p>\n<p class=\"yiv7554198343MsoNormal\"><b><i><span class=\"yiv7554198343ContentPasted0\">&#8220;El di\u00e1logo, la escucha y el consenso hicieron posible esta pol\u00edtica p\u00fablica que dar\u00e1 comienzo este 19 de mayo de 17 a 21 horas&#8221;,\u00a0<\/span><\/i><\/b><span class=\"yiv7554198343ContentPasted0\">afirm\u00f3. \u00a0<\/span><\/p>\n<p class=\"yiv7554198343MsoNormal\"><span class=\"yiv7554198343ContentPasted0\">El beneficio estar\u00e1 vigente dos viernes al mes y se realizar\u00e1 en efectivo hasta agotar stock. \u00a0<\/span><\/p>\n<p class=\"yiv7554198343MsoNormal\">\n<p class=\"yiv7554198343MsoNormal\"><span class=\"yiv7554198343ContentPasted0 yiv7554198343ContentPasted1\">Asimismo, destac\u00f3 el papel fundamental de los comercios de cercan\u00eda en la comunidad. \u00a0<\/span><\/p>\n<p class=\"yiv7554198343MsoNormal\"><span class=\"yiv7554198343ContentPasted0 yiv7554198343ContentPasted1\">Fernando Roa, propietario de Mercado \u201cS\u00faper\u201d, destac\u00f3 la importancia del trabajo conjunto para lograr precios accesibles a trav\u00e9s de proveedores, la log\u00edstica y el Estado comunal que propuso esta ayuda.<\/span><\/p>\n<p>&nbsp;<\/p>\n<p class=\"yiv7554198343MsoNormal\"><b><span class=\"yiv7554198343ContentPasted0\">Cuarta edici\u00f3n de la feria itinerante \u00a0<\/span><\/b><\/p>\n<p class=\"yiv7554198343MsoNormal\"><span class=\"yiv7554198343ContentPasted0\">Adem\u00e1s, Sasso anunci\u00f3 que el Gimnasio \u201cPancho Cerda\u201d albergar\u00e1 otra realizaci\u00f3n del Programa &#8220;A tu Puerta\u201d Feria de Frutas y Verduras, por cuarta vez, este s\u00e1bado, de 14 a 18 horas, en conjunto con el dispositivo de lentes y oftalmolog\u00eda. \u00a0<\/span><\/p>\n<p class=\"yiv7554198343MsoNormal\"><span class=\"yiv7554198343ContentPasted0\">Acompa\u00f1aron el anuncio, el secretario de Coordinaci\u00f3n General, Juan Carlos G\u00f3mez, el concejal, Juan Carlos Ju\u00e1rez, la subsecretaria de Comercio, Brenda Formoso y dem\u00e1s propietarios de los comercios mencionados. \u00a0<\/span><\/p>\n","protected":false},"excerpt":{"rendered":"<p>\u00a0\u00a0 El intendente, Fernando Cotillo rubric\u00f3 un convenio con seis carnicer\u00edas de la ciudad para ofrecer nueve cortes de carne<\/p>\n","protected":false},"author":8,"featured_media":1549,"comment_status":"open","ping_status":"closed","sticky":false,"template":"","format":"standard","meta":{"footnotes":""},"categories":[40],"tags":[],"class_list":["post-1547","post","type-post","status-publish","format-standard","has-post-thumbnail","hentry","category-municipales"],"_links":{"self":[{"href":"https:\/\/ecosdelsur.com\/index.php?rest_route=\/wp\/v2\/posts\/1547","targetHints":{"allow":["GET"]}}],"collection":[{"href":"https:\/\/ecosdelsur.com\/index.php?rest_route=\/wp\/v2\/posts"}],"about":[{"href":"https:\/\/ecosdelsur.com\/index.php?rest_route=\/wp\/v2\/types\/post"}],"author":[{"embeddable":true,"href":"https:\/\/ecosdelsur.com\/index.php?rest_route=\/wp\/v2\/users\/8"}],"replies":[{"embeddable":true,"href":"https:\/\/ecosdelsur.com\/index.php?rest_route=%2Fwp%2Fv2%2Fcomments&post=1547"}],"version-history":[{"count":0,"href":"https:\/\/ecosdelsur.com\/index.php?rest_route=\/wp\/v2\/posts\/1547\/revisions"}],"wp:featuredmedia":[{"embeddable":true,"href":"https:\/\/ecosdelsur.com\/index.php?rest_route=\/wp\/v2\/media\/1549"}],"wp:attachment":[{"href":"https:\/\/ecosdelsur.com\/index.php?rest_route=%2Fwp%2Fv2%2Fmedia&parent=1547"}],"wp:term":[{"taxonomy":"category","embeddable":true,"href":"https:\/\/ecosdelsur.com\/index.php?rest_route=%2Fwp%2Fv2%2Fcategories&post=1547"},{"taxonomy":"post_tag","embeddable":true,"href":"https:\/\/ecosdelsur.com\/index.php?rest_route=%2Fwp%2Fv2%2Ftags&post=1547"}],"curies":[{"name":"wp","href":"https:\/\/api.w.org\/{rel}","templated":true}]}}