{"id":1532,"date":"2023-05-18T04:20:49","date_gmt":"2023-05-18T04:20:49","guid":{"rendered":"https:\/\/ecosdelsur.com\/?p=1532"},"modified":"2023-05-18T04:20:54","modified_gmt":"2023-05-18T04:20:54","slug":"en-el-busto-almirante-brown-se-realizo-el-acto-en-conmemoracion-del-dia-de-la-armada-argentina","status":"publish","type":"post","link":"https:\/\/ecosdelsur.com\/?p=1532","title":{"rendered":"En el busto Almirante Brown se realiz\u00f3 el acto en conmemoraci\u00f3n del D\u00eda de la Armada Argentina"},"content":{"rendered":"<p><img decoding=\"async\" class=\"aligncenter wp-image-1540 size-full lazyload\" data-src=\"https:\/\/ecosdelsur.com\/wp-content\/uploads\/2023\/05\/DSC_8788.jpg\" alt=\"\" width=\"800\" height=\"462\" data-srcset=\"https:\/\/ecosdelsur.com\/wp-content\/uploads\/2023\/05\/DSC_8788.jpg 800w, https:\/\/ecosdelsur.com\/wp-content\/uploads\/2023\/05\/DSC_8788-300x173.jpg 300w, https:\/\/ecosdelsur.com\/wp-content\/uploads\/2023\/05\/DSC_8788-768x444.jpg 768w\" data-sizes=\"(max-width: 800px) 100vw, 800px\" src=\"data:image\/svg+xml;base64,PHN2ZyB3aWR0aD0iMSIgaGVpZ2h0PSIxIiB4bWxucz0iaHR0cDovL3d3dy53My5vcmcvMjAwMC9zdmciPjwvc3ZnPg==\" style=\"--smush-placeholder-width: 800px; --smush-placeholder-aspect-ratio: 800\/462;\" \/><\/p>\n<p>El acto tuvo lugar a mediod\u00eda de este mi\u00e9rcoles en una plazoleta del paseo costero de Caleta Olivia que lleva el nombre de \u201cH\u00e9roes del Crucero ARA General Belgrano\u201d, donde tambi\u00e9n se encuentra el busto del Almirante Guillermo Brown, quien es considerado el padre de la Armada Argentina.<img decoding=\"async\" class=\"aligncenter wp-image-1545 size-full lazyload\" data-src=\"https:\/\/ecosdelsur.com\/wp-content\/uploads\/2023\/05\/DSC_8850.jpg\" alt=\"\" width=\"800\" height=\"478\" data-srcset=\"https:\/\/ecosdelsur.com\/wp-content\/uploads\/2023\/05\/DSC_8850.jpg 800w, https:\/\/ecosdelsur.com\/wp-content\/uploads\/2023\/05\/DSC_8850-300x179.jpg 300w, https:\/\/ecosdelsur.com\/wp-content\/uploads\/2023\/05\/DSC_8850-768x459.jpg 768w\" data-sizes=\"(max-width: 800px) 100vw, 800px\" src=\"data:image\/svg+xml;base64,PHN2ZyB3aWR0aD0iMSIgaGVpZ2h0PSIxIiB4bWxucz0iaHR0cDovL3d3dy53My5vcmcvMjAwMC9zdmciPjwvc3ZnPg==\" style=\"--smush-placeholder-width: 800px; --smush-placeholder-aspect-ratio: 800\/478;\" \/><\/p>\n<p>Precisamente, la fecha evocativa al 209\u00b0 aniversario de la fuerza naval, se refiere al combate que la flota comandada por el marino nacido en Irlanda y que adoptara la nacionalidad argentina, derrot\u00f3 a una escuadra del imperio espa\u00f1ol frente a las costas de Montevideo el 17 de mayo de 1814.<img decoding=\"async\" class=\"aligncenter wp-image-1535 size-full lazyload\" data-src=\"https:\/\/ecosdelsur.com\/wp-content\/uploads\/2023\/05\/DSC_8758.jpg\" alt=\"\" width=\"800\" height=\"514\" data-srcset=\"https:\/\/ecosdelsur.com\/wp-content\/uploads\/2023\/05\/DSC_8758.jpg 800w, https:\/\/ecosdelsur.com\/wp-content\/uploads\/2023\/05\/DSC_8758-300x193.jpg 300w, https:\/\/ecosdelsur.com\/wp-content\/uploads\/2023\/05\/DSC_8758-768x493.jpg 768w\" data-sizes=\"(max-width: 800px) 100vw, 800px\" src=\"data:image\/svg+xml;base64,PHN2ZyB3aWR0aD0iMSIgaGVpZ2h0PSIxIiB4bWxucz0iaHR0cDovL3d3dy53My5vcmcvMjAwMC9zdmciPjwvc3ZnPg==\" style=\"--smush-placeholder-width: 800px; --smush-placeholder-aspect-ratio: 800\/514;\" \/><\/p>\n<p>La delegaci\u00f3n local del Instituto Browniano engalan\u00f3 el entorno del busto del pr\u00f3cer con una r\u00e9plica de la bandera que llev\u00f3 la fragata \u201cH\u00e9rcules\u201d comandada por Brown, adem\u00e1s de bibliograf\u00eda, cuadros y maquetas del crucero ARA Belgrano y del submarino ARA San Juan, dos naves insignias de la Armada.<\/p>\n<p>El primero de ellos fue hundido arteramente por un submarino nuclear brit\u00e1nico el 2 de mayo de 1982 durante la Guerra de Malvinas y el segundo cay\u00f3 a las profundidades del Atl\u00e1ntico, frente a las costas de Comodoro Rivadavia el 15 de noviembre de 2017 por controvertidas causas que a\u00fan no fueron esclarecidas totalmente, pero por ambos tr\u00e1gicos sucesos este mi\u00e9rcoles volvi\u00f3 a rendirse homenaje a los tripulantes fallecidos.<img decoding=\"async\" class=\"aligncenter wp-image-1534 size-full lazyload\" data-src=\"https:\/\/ecosdelsur.com\/wp-content\/uploads\/2023\/05\/DSC_8739.jpg\" alt=\"\" width=\"800\" height=\"467\" data-srcset=\"https:\/\/ecosdelsur.com\/wp-content\/uploads\/2023\/05\/DSC_8739.jpg 800w, https:\/\/ecosdelsur.com\/wp-content\/uploads\/2023\/05\/DSC_8739-300x175.jpg 300w, https:\/\/ecosdelsur.com\/wp-content\/uploads\/2023\/05\/DSC_8739-768x448.jpg 768w\" data-sizes=\"(max-width: 800px) 100vw, 800px\" src=\"data:image\/svg+xml;base64,PHN2ZyB3aWR0aD0iMSIgaGVpZ2h0PSIxIiB4bWxucz0iaHR0cDovL3d3dy53My5vcmcvMjAwMC9zdmciPjwvc3ZnPg==\" style=\"--smush-placeholder-width: 800px; --smush-placeholder-aspect-ratio: 800\/467;\" \/><\/p>\n<p><strong>GRAN CONCURRENCIA\u00a0<\/strong><strong>DE AUTORIDADES<\/strong><\/p>\n<p>La ceremonia cont\u00f3 con la presencia de efectivos del Destacamento Comodoro Rivadavia de la Armada, encabezados por su nuevo jefe, el capit\u00e1n de fragata Carlos Albero P\u00e9rez y tambi\u00e9n de la Prefectura Naval local, liderados por la prefecto Giselle C\u00f3rdoba.<\/p>\n<p>Tambi\u00e9n estuvo una delegaci\u00f3n de la Secci\u00f3n Pico Truncado de Gendarmer\u00eda Nacional, a cargo del comandante Jos\u00e9 Luis Quiroga y las m\u00e1ximas autoridades de la Direcci\u00f3n Zona Norte de la Polic\u00eda de San Cruz, el comisario mayor Daniel Quiroga y la comisario inspector Ercilia Calder\u00f3n.<\/p>\n","protected":false},"excerpt":{"rendered":"<p>El acto tuvo lugar a mediod\u00eda de este mi\u00e9rcoles en una plazoleta del paseo costero de Caleta Olivia que lleva<\/p>\n","protected":false},"author":8,"featured_media":1541,"comment_status":"open","ping_status":"closed","sticky":false,"template":"","format":"standard","meta":{"footnotes":""},"categories":[35],"tags":[],"class_list":["post-1532","post","type-post","status-publish","format-standard","has-post-thumbnail","hentry","category-sociedad"],"_links":{"self":[{"href":"https:\/\/ecosdelsur.com\/index.php?rest_route=\/wp\/v2\/posts\/1532","targetHints":{"allow":["GET"]}}],"collection":[{"href":"https:\/\/ecosdelsur.com\/index.php?rest_route=\/wp\/v2\/posts"}],"about":[{"href":"https:\/\/ecosdelsur.com\/index.php?rest_route=\/wp\/v2\/types\/post"}],"author":[{"embeddable":true,"href":"https:\/\/ecosdelsur.com\/index.php?rest_route=\/wp\/v2\/users\/8"}],"replies":[{"embeddable":true,"href":"https:\/\/ecosdelsur.com\/index.php?rest_route=%2Fwp%2Fv2%2Fcomments&post=1532"}],"version-history":[{"count":0,"href":"https:\/\/ecosdelsur.com\/index.php?rest_route=\/wp\/v2\/posts\/1532\/revisions"}],"wp:featuredmedia":[{"embeddable":true,"href":"https:\/\/ecosdelsur.com\/index.php?rest_route=\/wp\/v2\/media\/1541"}],"wp:attachment":[{"href":"https:\/\/ecosdelsur.com\/index.php?rest_route=%2Fwp%2Fv2%2Fmedia&parent=1532"}],"wp:term":[{"taxonomy":"category","embeddable":true,"href":"https:\/\/ecosdelsur.com\/index.php?rest_route=%2Fwp%2Fv2%2Fcategories&post=1532"},{"taxonomy":"post_tag","embeddable":true,"href":"https:\/\/ecosdelsur.com\/index.php?rest_route=%2Fwp%2Fv2%2Ftags&post=1532"}],"curies":[{"name":"wp","href":"https:\/\/api.w.org\/{rel}","templated":true}]}}