{"id":1528,"date":"2023-05-18T03:52:11","date_gmt":"2023-05-18T03:52:11","guid":{"rendered":"https:\/\/ecosdelsur.com\/?p=1528"},"modified":"2023-05-18T03:52:11","modified_gmt":"2023-05-18T03:52:11","slug":"siniestro-vial-deja-6-personas-hospitalizadas","status":"publish","type":"post","link":"https:\/\/ecosdelsur.com\/?p=1528","title":{"rendered":"Siniestro vial, deja 6 personas hospitalizadas"},"content":{"rendered":"<p>Aproximadamente a las 20:00 Hs del martes, personal de Divisi\u00f3n Comisaria Segunda son alertados que \u00a0en la intersecci\u00f3n de las calles Estrada y Ra\u00fal Alfons\u00edn de R\u00edo Gallegos debido a un incidente vehicular que involucr\u00f3 a dos veh\u00edculos.<\/p>\n<p>Una vez en el lugar se visualiza un autom\u00f3vil Volkswagen Gol color rojo dirigido por una mujer de 61 a\u00f1os, la cual estaba acompa\u00f1ada por su hija de 27 a\u00f1os, y su nieta de 5 a\u00f1os, el cual por circunstancias que se tratan de establecer colisiona con un veh\u00edculo Ford Ecosport color gris conducido por un hombre de 25 a\u00f1os, el cual era acompa\u00f1ado por su pareja de 26 a\u00f1os, y su hijo menor de dos meses.<\/p>\n<p>A la brevedad arribaron al sector dos ambulancias, con personal m\u00e9dico quienes realizaron el traslado de sus ocupantes hacia el nosocomio local, fines realizar ex\u00e1menes de rutina para determinar posibles lesiones, quedando por precauci\u00f3n moment\u00e1neamente en observaciones, en tanto de igual manera se present\u00f3 en el lugar personal Tr\u00e1nsito Municipal controlando la documentaci\u00f3n hall\u00e1ndose en condiciones de circular.<\/p>\n<p>Por \u00faltimo se llev\u00f3 a cabo en el lugar la inspecci\u00f3n ocular, en forma conjunta con personal de accidentolog\u00eda vial; tom\u00e1ndose conocimiento que las partes involucradas habr\u00edan sido dadas de altas, no presentando lesiones, concurriendo en consecuencia a la dependencia policial radicando tr\u00e1mites administrativos para los seguros.<\/p>\n","protected":false},"excerpt":{"rendered":"<p>Aproximadamente a las 20:00 Hs del martes, personal de Divisi\u00f3n Comisaria Segunda son alertados que \u00a0en la intersecci\u00f3n de las<\/p>\n","protected":false},"author":8,"featured_media":1529,"comment_status":"open","ping_status":"closed","sticky":false,"template":"","format":"standard","meta":{"footnotes":""},"categories":[36],"tags":[],"class_list":["post-1528","post","type-post","status-publish","format-standard","has-post-thumbnail","hentry","category-policiales"],"_links":{"self":[{"href":"https:\/\/ecosdelsur.com\/index.php?rest_route=\/wp\/v2\/posts\/1528","targetHints":{"allow":["GET"]}}],"collection":[{"href":"https:\/\/ecosdelsur.com\/index.php?rest_route=\/wp\/v2\/posts"}],"about":[{"href":"https:\/\/ecosdelsur.com\/index.php?rest_route=\/wp\/v2\/types\/post"}],"author":[{"embeddable":true,"href":"https:\/\/ecosdelsur.com\/index.php?rest_route=\/wp\/v2\/users\/8"}],"replies":[{"embeddable":true,"href":"https:\/\/ecosdelsur.com\/index.php?rest_route=%2Fwp%2Fv2%2Fcomments&post=1528"}],"version-history":[{"count":0,"href":"https:\/\/ecosdelsur.com\/index.php?rest_route=\/wp\/v2\/posts\/1528\/revisions"}],"wp:featuredmedia":[{"embeddable":true,"href":"https:\/\/ecosdelsur.com\/index.php?rest_route=\/wp\/v2\/media\/1529"}],"wp:attachment":[{"href":"https:\/\/ecosdelsur.com\/index.php?rest_route=%2Fwp%2Fv2%2Fmedia&parent=1528"}],"wp:term":[{"taxonomy":"category","embeddable":true,"href":"https:\/\/ecosdelsur.com\/index.php?rest_route=%2Fwp%2Fv2%2Fcategories&post=1528"},{"taxonomy":"post_tag","embeddable":true,"href":"https:\/\/ecosdelsur.com\/index.php?rest_route=%2Fwp%2Fv2%2Ftags&post=1528"}],"curies":[{"name":"wp","href":"https:\/\/api.w.org\/{rel}","templated":true}]}}