{"id":1517,"date":"2023-05-18T03:19:20","date_gmt":"2023-05-18T03:19:20","guid":{"rendered":"https:\/\/ecosdelsur.com\/?p=1517"},"modified":"2023-05-18T03:25:10","modified_gmt":"2023-05-18T03:25:10","slug":"quinta-edicion-del-club-de-emprendedores-sigue-el-crecimiento-de-este-espacio-clave-para-la-economia-zonal-las-distintas-edicione","status":"publish","type":"post","link":"https:\/\/ecosdelsur.com\/?p=1517","title":{"rendered":"Quinta Edici\u00f3n del Club de Emprendedores: Sigue el crecimiento de este espacio clave para la econom\u00eda zonal\u00a0\u00a0  Las distintas edicione"},"content":{"rendered":"<p><img decoding=\"async\" class=\"alignnone wp-image-1520 size-full lazyload\" data-src=\"https:\/\/ecosdelsur.com\/wp-content\/uploads\/2023\/05\/DSC_8107.jpg\" alt=\"\" width=\"800\" height=\"457\" data-srcset=\"https:\/\/ecosdelsur.com\/wp-content\/uploads\/2023\/05\/DSC_8107.jpg 800w, https:\/\/ecosdelsur.com\/wp-content\/uploads\/2023\/05\/DSC_8107-300x171.jpg 300w, https:\/\/ecosdelsur.com\/wp-content\/uploads\/2023\/05\/DSC_8107-768x439.jpg 768w\" data-sizes=\"(max-width: 800px) 100vw, 800px\" src=\"data:image\/svg+xml;base64,PHN2ZyB3aWR0aD0iMSIgaGVpZ2h0PSIxIiB4bWxucz0iaHR0cDovL3d3dy53My5vcmcvMjAwMC9zdmciPjwvc3ZnPg==\" style=\"--smush-placeholder-width: 800px; --smush-placeholder-aspect-ratio: 800\/457;\" \/><\/p>\n<p class=\"yiv6122558514MsoNormal\"><i><span class=\"yiv6122558514ContentPasted0\" lang=\"ES\">Las distintas ediciones del Club de Emprendedores se han convertido en un espacio de encuentro, aprendizaje y colaboraci\u00f3n entre emprendedores de distintos rubros en Caleta Olivia y que impulsa el Municipio. \u00a0<\/span><\/i><img decoding=\"async\" class=\"aligncenter wp-image-1518 size-full lazyload\" data-src=\"https:\/\/ecosdelsur.com\/wp-content\/uploads\/2023\/05\/DSC_8088.jpg\" alt=\"\" width=\"800\" height=\"442\" data-srcset=\"https:\/\/ecosdelsur.com\/wp-content\/uploads\/2023\/05\/DSC_8088.jpg 800w, https:\/\/ecosdelsur.com\/wp-content\/uploads\/2023\/05\/DSC_8088-300x166.jpg 300w, https:\/\/ecosdelsur.com\/wp-content\/uploads\/2023\/05\/DSC_8088-768x424.jpg 768w\" data-sizes=\"(max-width: 800px) 100vw, 800px\" src=\"data:image\/svg+xml;base64,PHN2ZyB3aWR0aD0iMSIgaGVpZ2h0PSIxIiB4bWxucz0iaHR0cDovL3d3dy53My5vcmcvMjAwMC9zdmciPjwvc3ZnPg==\" style=\"--smush-placeholder-width: 800px; --smush-placeholder-aspect-ratio: 800\/442;\" \/><\/p>\n<p class=\"yiv6122558514MsoNormal\"><span class=\"yiv6122558514ContentPasted0\" lang=\"ES\">Estas iniciativas fomentan la generaci\u00f3n de redes de apoyo, promueven el intercambio de experiencias y brindan herramientas para fortalecer los emprendimientos en la comunidad. \u00a0<\/span><\/p>\n<p class=\"yiv6122558514MsoNormal\"><span class=\"yiv6122558514ContentPasted0\" lang=\"ES\">Tania Sasso, secretaria de Producci\u00f3n, brind\u00f3 detalles sobre el exitoso desarrollo del Club de Emprendedores en su quinta realizaci\u00f3n. El evento, que tuvo lugar en la Uni\u00f3n Vecinal del barrio Mirador, cont\u00f3 con la participaci\u00f3n de aproximadamente 100 emprendedores locales. <img decoding=\"async\" class=\"alignnone wp-image-1521 size-full lazyload\" data-src=\"https:\/\/ecosdelsur.com\/wp-content\/uploads\/2023\/05\/DSC_8124.jpg\" alt=\"\" width=\"800\" height=\"506\" data-srcset=\"https:\/\/ecosdelsur.com\/wp-content\/uploads\/2023\/05\/DSC_8124.jpg 800w, https:\/\/ecosdelsur.com\/wp-content\/uploads\/2023\/05\/DSC_8124-300x190.jpg 300w, https:\/\/ecosdelsur.com\/wp-content\/uploads\/2023\/05\/DSC_8124-768x486.jpg 768w\" data-sizes=\"(max-width: 800px) 100vw, 800px\" src=\"data:image\/svg+xml;base64,PHN2ZyB3aWR0aD0iMSIgaGVpZ2h0PSIxIiB4bWxucz0iaHR0cDovL3d3dy53My5vcmcvMjAwMC9zdmciPjwvc3ZnPg==\" style=\"--smush-placeholder-width: 800px; --smush-placeholder-aspect-ratio: 800\/506;\" \/><\/span><\/p>\n<p class=\"yiv6122558514MsoNormal\"><span class=\"yiv6122558514ContentPasted0\" lang=\"ES\">Durante su intervenci\u00f3n, Sasso resalt\u00f3\u00a0<b><i class=\"yiv6122558514ContentPasted0\">\u201cla importancia de este tipo de espacios para impulsar el crecimiento y desarrollo de los emprendedores en la ciudad\u201d.<\/i><\/b>\u00a0Se\u00f1al\u00f3 que\u00a0<b><i class=\"yiv6122558514ContentPasted0\">\u201cla formaci\u00f3n, capacitaciones y mentor\u00edas, as\u00ed como las ventanillas de venta, son fundamentales para garantizar la continuidad y el sostenimiento del trabajo independiente\u201d<\/i><\/b>. \u00a0<\/span><\/p>\n<p class=\"yiv6122558514MsoNormal\"><b><i><span class=\"yiv6122558514ContentPasted0\" lang=\"ES\">&#8220;Estos encuentros son parte de todas las estrategias y herramientas que desde la Secretar\u00eda de Producci\u00f3n ponemos a disposici\u00f3n de los emprendedores, para que puedan dar un salto en su desarrollo&#8221;,<\/span><\/i><\/b><span class=\"yiv6122558514ContentPasted0\" lang=\"ES\">\u00a0afirm\u00f3 Sasso. \u00a0<\/span><\/p>\n<p class=\"yiv6122558514MsoNormal\"><span class=\"yiv6122558514ContentPasted0\" lang=\"ES\">Destac\u00f3 que el \u201cobjetivo principal\u201d es brindarles \u201capoyo\u201d y fomentar su \u201cindependencia econ\u00f3mica\u201d, permiti\u00e9ndoles ser \u201cdue\u00f1os de su propio trabajo\u201d y, as\u00ed, \u201calcanzar la soberan\u00eda en sus actividades emprendedoras\u201d. \u00a0<\/span><\/p>\n<p class=\"yiv6122558514MsoNormal\"><span class=\"yiv6122558514ContentPasted0\" lang=\"ES\">En este contexto, la funcionaria anunci\u00f3 que en junio se llevar\u00e1 a cabo la Sexta Edici\u00f3n del Club de Emprendedores. \u00a0<\/span><\/p>\n<p class=\"yiv6122558514MsoNormal\"><span class=\"yiv6122558514ContentPasted0\" lang=\"ES\">En \u00faltimo t\u00e9rmino, Sasso subray\u00f3\u00a0<b><i class=\"yiv6122558514ContentPasted0\">\u201cel compromiso del Municipio bajo la conducci\u00f3n del intendente, Fernando Cotillo en continuar trabajando con propuestas que impulsen el crecimiento y la consolidaci\u00f3n de los emprendimientos locales\u201d.<\/i><\/b>\u00a0\u00a0<\/span><\/p>\n","protected":false},"excerpt":{"rendered":"<p>Las distintas ediciones del Club de Emprendedores se han convertido en un espacio de encuentro, aprendizaje y colaboraci\u00f3n entre emprendedores<\/p>\n","protected":false},"author":8,"featured_media":1519,"comment_status":"open","ping_status":"closed","sticky":false,"template":"","format":"standard","meta":{"footnotes":""},"categories":[35],"tags":[],"class_list":["post-1517","post","type-post","status-publish","format-standard","has-post-thumbnail","hentry","category-sociedad"],"_links":{"self":[{"href":"https:\/\/ecosdelsur.com\/index.php?rest_route=\/wp\/v2\/posts\/1517","targetHints":{"allow":["GET"]}}],"collection":[{"href":"https:\/\/ecosdelsur.com\/index.php?rest_route=\/wp\/v2\/posts"}],"about":[{"href":"https:\/\/ecosdelsur.com\/index.php?rest_route=\/wp\/v2\/types\/post"}],"author":[{"embeddable":true,"href":"https:\/\/ecosdelsur.com\/index.php?rest_route=\/wp\/v2\/users\/8"}],"replies":[{"embeddable":true,"href":"https:\/\/ecosdelsur.com\/index.php?rest_route=%2Fwp%2Fv2%2Fcomments&post=1517"}],"version-history":[{"count":0,"href":"https:\/\/ecosdelsur.com\/index.php?rest_route=\/wp\/v2\/posts\/1517\/revisions"}],"wp:featuredmedia":[{"embeddable":true,"href":"https:\/\/ecosdelsur.com\/index.php?rest_route=\/wp\/v2\/media\/1519"}],"wp:attachment":[{"href":"https:\/\/ecosdelsur.com\/index.php?rest_route=%2Fwp%2Fv2%2Fmedia&parent=1517"}],"wp:term":[{"taxonomy":"category","embeddable":true,"href":"https:\/\/ecosdelsur.com\/index.php?rest_route=%2Fwp%2Fv2%2Fcategories&post=1517"},{"taxonomy":"post_tag","embeddable":true,"href":"https:\/\/ecosdelsur.com\/index.php?rest_route=%2Fwp%2Fv2%2Ftags&post=1517"}],"curies":[{"name":"wp","href":"https:\/\/api.w.org\/{rel}","templated":true}]}}