{"id":1511,"date":"2023-05-18T02:46:31","date_gmt":"2023-05-18T02:46:31","guid":{"rendered":"https:\/\/ecosdelsur.com\/?p=1511"},"modified":"2023-05-18T02:46:39","modified_gmt":"2023-05-18T02:46:39","slug":"gaby-mestelan-y-faty-oliva-estaran-en-la-cuenca-carbonifera-este-jueves","status":"publish","type":"post","link":"https:\/\/ecosdelsur.com\/?p=1511","title":{"rendered":"Gaby Mestel\u00e1n y \u2018Faty\u2019 Oliva estar\u00e1n en la cuenca carbon\u00edfera este jueves"},"content":{"rendered":"<p class=\"yiv7368458441MsoNormal\"><i>Ambos representantes de Encuentro Ciudadano realizar\u00e1n charlas abiertas sobre \u201cEl problema del agua\u201d y \u201cLa crisis de la educaci\u00f3n\u201d, junto al referente Mario Calodolce. \u201cAdem\u00e1s, tendremos una agenda de trabajo amplia sobre otros problemas de la cuenca\u201d, destacaron.<\/i><\/p>\n<p class=\"yiv7368458441MsoNormal\">Dos de los principales referentes de Encuentro Ciudadano estar\u00e1n en R\u00edo Turbio este jueves 18 de mayo, en una serie de charlas abiertas a la comunidad que se desarrollar\u00e1n en el sal\u00f3n chico de APS,\u00a0en Av. de los Mineros 536, desde las 18.30 hs.<\/p>\n<p class=\"yiv7368458441MsoNormal\">El diputado Gabriel \u2018Faty\u2019 Oliva coordinar\u00e1 la charla\u00a0 \u201cEl problema del agua: alternativas locales y el futuro de un recurso fundamental\u201d. Por su parte, Gaby Mestel\u00e1n har\u00e1 lo propio respecto de \u201cLa crisis de la educaci\u00f3n: claves para una mejor escuela\u201d. Ambos estar\u00e1n acompa\u00f1ados por Mario Calodolce, referente de Encuentro Ciudadano en la localidad.<\/p>\n<p class=\"yiv7368458441MsoNormal\"><b>\u2018SON PROBLEM\u00c1TICAS QUE NECESITAN SER ABORDADAS Y RESUELTAS\u2019<\/b><\/p>\n<p class=\"yiv7368458441MsoNormal\">Desde el espacio pol\u00edtico se\u00f1alaron que \u201cla cuenca carbon\u00edfera padece el problema cr\u00f3nico de la escasez de agua, venimos abordando el tema a trav\u00e9s del trabajo de nuestro diputado y lo cierto es que existen alternativas posibles y es necesario pensar en clave de futuro\u201d.<\/p>\n<p class=\"yiv7368458441MsoNormal\">Cabe recordar que Oliva, un profesional del ambiente, abord\u00f3 el problema del agua en R\u00edo Turbio desde que asumi\u00f3 la banca de Encuentro Ciudadano, en 2021. Adem\u00e1s, viene de realizar un profundo trabajo acerca del problema del agua en el norte provincial, junto a un equipo de profesionales.<\/p>\n<p class=\"yiv7368458441MsoNormal\"><b>\u2018LA CRISIS DE LA EDUCACI\u00d3N ES GRAVE Y TENEMOS QUE ABORDARLA\u2019<\/b><\/p>\n<p class=\"yiv7368458441MsoNormal\">\u201cDesde Encuentro Ciudadano pensamos que la participaci\u00f3n, el intercambio y la escucha tambi\u00e9n son necesarios para plantear el problema de la educaci\u00f3n, que en Santa Cruz es enorme\u201d, advirtieron. \u201cEs fundamental hablar de la escuela ante el agobio de la aguda crisis que padecemos. Gaby Mestel\u00e1n coordinar\u00e1 la charla, con el esp\u00edritu de que sea un espacio de participaci\u00f3n real, tal como sucedi\u00f3 en Perito Moreno hace dos semanas\u201d, apuntaron.<\/p>\n<p class=\"yiv7368458441MsoNormal\">\u201cLa invitaci\u00f3n es abierta al p\u00fablico y no requiere inscripci\u00f3n previa\u201d, aclaran desde la organizaci\u00f3n: \u201clos invitamos este jueves 18 de mayo, a las 18.30 hs. en el sal\u00f3n chico de APS, en Av. de los Mineros 536 de R\u00edo Turbio\u201d.<\/p>\n","protected":false},"excerpt":{"rendered":"<p>Ambos representantes de Encuentro Ciudadano realizar\u00e1n charlas abiertas sobre \u201cEl problema del agua\u201d y \u201cLa crisis de la educaci\u00f3n\u201d, junto<\/p>\n","protected":false},"author":8,"featured_media":1512,"comment_status":"open","ping_status":"closed","sticky":false,"template":"","format":"standard","meta":{"footnotes":""},"categories":[33],"tags":[],"class_list":["post-1511","post","type-post","status-publish","format-standard","has-post-thumbnail","hentry","category-politica"],"_links":{"self":[{"href":"https:\/\/ecosdelsur.com\/index.php?rest_route=\/wp\/v2\/posts\/1511","targetHints":{"allow":["GET"]}}],"collection":[{"href":"https:\/\/ecosdelsur.com\/index.php?rest_route=\/wp\/v2\/posts"}],"about":[{"href":"https:\/\/ecosdelsur.com\/index.php?rest_route=\/wp\/v2\/types\/post"}],"author":[{"embeddable":true,"href":"https:\/\/ecosdelsur.com\/index.php?rest_route=\/wp\/v2\/users\/8"}],"replies":[{"embeddable":true,"href":"https:\/\/ecosdelsur.com\/index.php?rest_route=%2Fwp%2Fv2%2Fcomments&post=1511"}],"version-history":[{"count":0,"href":"https:\/\/ecosdelsur.com\/index.php?rest_route=\/wp\/v2\/posts\/1511\/revisions"}],"wp:featuredmedia":[{"embeddable":true,"href":"https:\/\/ecosdelsur.com\/index.php?rest_route=\/wp\/v2\/media\/1512"}],"wp:attachment":[{"href":"https:\/\/ecosdelsur.com\/index.php?rest_route=%2Fwp%2Fv2%2Fmedia&parent=1511"}],"wp:term":[{"taxonomy":"category","embeddable":true,"href":"https:\/\/ecosdelsur.com\/index.php?rest_route=%2Fwp%2Fv2%2Fcategories&post=1511"},{"taxonomy":"post_tag","embeddable":true,"href":"https:\/\/ecosdelsur.com\/index.php?rest_route=%2Fwp%2Fv2%2Ftags&post=1511"}],"curies":[{"name":"wp","href":"https:\/\/api.w.org\/{rel}","templated":true}]}}