{"id":1500,"date":"2023-05-17T20:59:48","date_gmt":"2023-05-17T20:59:48","guid":{"rendered":"https:\/\/ecosdelsur.com\/?p=1500"},"modified":"2023-05-17T20:59:54","modified_gmt":"2023-05-17T20:59:54","slug":"el-publico-caletense-ovaciono-de-pie-el-show-del-gran-bailarin-hernan-piquin","status":"publish","type":"post","link":"https:\/\/ecosdelsur.com\/?p=1500","title":{"rendered":"El p\u00fablico caletense ovacion\u00f3 de pie el show del gran bailar\u00edn Hern\u00e1n Piqu\u00edn \u00a0"},"content":{"rendered":"<p class=\"yiv4803924176MsoNormal\"><img decoding=\"async\" class=\"aligncenter wp-image-1502 size-full lazyload\" data-src=\"https:\/\/ecosdelsur.com\/wp-content\/uploads\/2023\/05\/Presentacion-Piquin-2.jpg\" alt=\"\" width=\"640\" height=\"359\" data-srcset=\"https:\/\/ecosdelsur.com\/wp-content\/uploads\/2023\/05\/Presentacion-Piquin-2.jpg 640w, https:\/\/ecosdelsur.com\/wp-content\/uploads\/2023\/05\/Presentacion-Piquin-2-300x168.jpg 300w\" data-sizes=\"(max-width: 640px) 100vw, 640px\" src=\"data:image\/svg+xml;base64,PHN2ZyB3aWR0aD0iMSIgaGVpZ2h0PSIxIiB4bWxucz0iaHR0cDovL3d3dy53My5vcmcvMjAwMC9zdmciPjwvc3ZnPg==\" style=\"--smush-placeholder-width: 640px; --smush-placeholder-aspect-ratio: 640\/359;\" \/><\/p>\n<p class=\"yiv4803924176MsoNormal yiv4803924176elementToProof\"><i><span class=\"yiv4803924176ContentPasted0\">Con un espect\u00e1culo de primer nivel denominado \u201cEl Show debe Continuar\u201d, el reconocido artista, Hern\u00e1n Piqu\u00edn, junto a 10 bailarines de excelencia, presentaron en escena el homenaje al referente de la legendaria banda, Queen. <img decoding=\"async\" class=\"aligncenter wp-image-1506 size-full lazyload\" data-src=\"https:\/\/ecosdelsur.com\/wp-content\/uploads\/2023\/05\/Presentacion-Piquin-6.jpg\" alt=\"\" width=\"640\" height=\"374\" data-srcset=\"https:\/\/ecosdelsur.com\/wp-content\/uploads\/2023\/05\/Presentacion-Piquin-6.jpg 640w, https:\/\/ecosdelsur.com\/wp-content\/uploads\/2023\/05\/Presentacion-Piquin-6-300x175.jpg 300w\" data-sizes=\"(max-width: 640px) 100vw, 640px\" src=\"data:image\/svg+xml;base64,PHN2ZyB3aWR0aD0iMSIgaGVpZ2h0PSIxIiB4bWxucz0iaHR0cDovL3d3dy53My5vcmcvMjAwMC9zdmciPjwvc3ZnPg==\" style=\"--smush-placeholder-width: 640px; --smush-placeholder-aspect-ratio: 640\/374;\" \/><\/span><\/i><\/p>\n<p class=\"yiv4803924176MsoNormal yiv4803924176elementToProof\"><span class=\"yiv4803924176ContentPasted0\">El escenario del Cine Municipal fue el punto de encuentro, donde los bailarines repasaron la vida y obra del famoso vocalista, Freddie Mercury, desde la fama, el rock, las tentaciones, el amor verdadero hasta su codicia, rebeld\u00eda y la aceptaci\u00f3n. \u00a0<\/span><\/p>\n<p class=\"yiv4803924176MsoNormal yiv4803924176elementToProof\"><span class=\"yiv4803924176ContentPasted0\">Culminada la presentaci\u00f3n, los asistentes ovacionaron de pie a todos los bailarines que los deleitaron con su profesionalismo y talento.<img decoding=\"async\" class=\"aligncenter wp-image-1507 size-full lazyload\" data-src=\"https:\/\/ecosdelsur.com\/wp-content\/uploads\/2023\/05\/Presentacion-Piquin.jpg\" alt=\"\" width=\"640\" height=\"384\" data-srcset=\"https:\/\/ecosdelsur.com\/wp-content\/uploads\/2023\/05\/Presentacion-Piquin.jpg 640w, https:\/\/ecosdelsur.com\/wp-content\/uploads\/2023\/05\/Presentacion-Piquin-300x180.jpg 300w\" data-sizes=\"(max-width: 640px) 100vw, 640px\" src=\"data:image\/svg+xml;base64,PHN2ZyB3aWR0aD0iMSIgaGVpZ2h0PSIxIiB4bWxucz0iaHR0cDovL3d3dy53My5vcmcvMjAwMC9zdmciPjwvc3ZnPg==\" style=\"--smush-placeholder-width: 640px; --smush-placeholder-aspect-ratio: 640\/384;\" \/><\/span><\/p>\n<p class=\"yiv4803924176MsoNormal yiv4803924176elementToProof\"><i><span class=\"yiv4803924176ContentPasted0\">\u201c<b class=\"yiv4803924176ContentPasted0\">Fue un show de primer nivel que nos retrotrajo a la \u00e9poca de Queen. Fue una interpretaci\u00f3n magn\u00edfica y creo que todos nos vamos con el coraz\u00f3n lleno de alegr\u00eda por haber disfrutado de este evento que la Comuna impulsa a trav\u00e9s del Cine y nuestra Secretar\u00eda; as\u00ed que los esperamos para los pr\u00f3ximos eventos porque Caleta Olivia va a seguir recibiendo espect\u00e1culos que vienen en gira nacional en esta Sala Auditorio maravillosa que tenmos\u201d,<\/b><\/span><\/i><span class=\"yiv4803924176ContentPasted0\">\u00a0mencion\u00f3. <img decoding=\"async\" class=\"aligncenter wp-image-1503 size-full lazyload\" data-src=\"https:\/\/ecosdelsur.com\/wp-content\/uploads\/2023\/05\/Presentacion-Piquin-3.jpg\" alt=\"\" width=\"640\" height=\"361\" data-srcset=\"https:\/\/ecosdelsur.com\/wp-content\/uploads\/2023\/05\/Presentacion-Piquin-3.jpg 640w, https:\/\/ecosdelsur.com\/wp-content\/uploads\/2023\/05\/Presentacion-Piquin-3-300x169.jpg 300w\" data-sizes=\"(max-width: 640px) 100vw, 640px\" src=\"data:image\/svg+xml;base64,PHN2ZyB3aWR0aD0iMSIgaGVpZ2h0PSIxIiB4bWxucz0iaHR0cDovL3d3dy53My5vcmcvMjAwMC9zdmciPjwvc3ZnPg==\" style=\"--smush-placeholder-width: 640px; --smush-placeholder-aspect-ratio: 640\/361;\" \/>\u00a0<\/span><\/p>\n<div class=\"yiv4803924176MsoNormal yiv4803924176elementToProof\">\n<p class=\"yiv4803924176MsoNormal yiv4803924176elementToProof\">Por otro lado, Margarita Espina, espectadora, coment\u00f3 que la presentaci\u00f3n fue maravillosa, felicit\u00f3 al Municipio y lo inst\u00f3 a que contin\u00fae generando\u00a0\u00a0actuaciones\u00a0de primer nivel.<\/p>\n<\/div>\n<p class=\"yiv4803924176MsoNormal\"><b><i><span class=\"yiv4803924176ContentPasted0\">\u201cFue realmente emocionante porque tambi\u00e9n todo el mundo participaba. Agradecemos al Municipio por permitirle a los caletenses disfrutar y me gustar\u00eda que nos visitara en un futuro Mart\u00edn Bossi o F\u00e1tima Flores\u201d,<\/span><\/i><\/b><span class=\"yiv4803924176ContentPasted0\">\u00a0expres\u00f3. \u00a0<\/span><\/p>\n<p class=\"yiv4803924176MsoNormal\"><b><span class=\"yiv4803924176ContentPasted0\">\u00a0\u00a0\u00a0\u00a0\u00a0\u00a0\u00a0\u00a0\u00a0\u00a0\u00a0\u00a0\u00a0\u00a0\u00a0\u00a0\u00a0\u00a0\u00a0\u00a0\u00a0\u00a0\u00a0\u00a0\u00a0\u00a0\u00a0\u00a0\u00a0\u00a0\u00a0\u00a0\u00a0\u00a0\u00a0\u00a0\u00a0\u00a0\u00a0\u00a0\u00a0\u00a0\u00a0\u00a0\u00a0\u00a0\u00a0\u00a0\u00a0\u00a0\u00a0\u00a0\u00a0<\/span>\u00a0<\/b><\/p>\n<p class=\"yiv4803924176MsoNormal\"><b><span class=\"yiv4803924176ContentPasted0\">El entusiasmo de saludar a Piqu\u00edn \u00a0<\/span><\/b><\/p>\n<p class=\"yiv4803924176MsoNormal\"><b>\u00a0<\/b><\/p>\n<p class=\"yiv4803924176MsoNormal yiv4803924176elementToProof\"><span class=\"yiv4803924176ContentPasted0\">Por la tarde, en la prueba de sonido puntualmente, con total voluntad Hern\u00e1n Piqu\u00edn recibi\u00f3 a bailarines y bailarinas caletenses, que con gran entusiasmo esperaron saludarlo, entre ellos el destacado exponente local, Emanuel Carrizo.\u00a0 \u00a0<\/span><\/p>\n<p class=\"yiv4803924176MsoNormal yiv4803924176elementToProof\"><b><i><span class=\"yiv4803924176ContentPasted0\">\u201cEs digno de destacar de un artista que viene de gira nacional, con cansancio. Convers\u00f3 con ellos y se sac\u00f3 fotos, estamos muy agradecidos de su actitud y predisposici\u00f3n para conocer la historia de nuestros bailarines y bailarinas\u201d<\/span><\/i><\/b><i><span class=\"yiv4803924176ContentPasted0\">,<\/span><\/i><span class=\"yiv4803924176ContentPasted0\">\u00a0concluy\u00f3 la funcionaria. \u00a0<\/span><\/p>\n","protected":false},"excerpt":{"rendered":"<p>Con un espect\u00e1culo de primer nivel denominado \u201cEl Show debe Continuar\u201d, el reconocido artista, Hern\u00e1n Piqu\u00edn, junto a 10 bailarines<\/p>\n","protected":false},"author":8,"featured_media":1505,"comment_status":"open","ping_status":"closed","sticky":false,"template":"","format":"standard","meta":{"footnotes":""},"categories":[88],"tags":[],"class_list":["post-1500","post","type-post","status-publish","format-standard","has-post-thumbnail","hentry","category-cultura"],"_links":{"self":[{"href":"https:\/\/ecosdelsur.com\/index.php?rest_route=\/wp\/v2\/posts\/1500","targetHints":{"allow":["GET"]}}],"collection":[{"href":"https:\/\/ecosdelsur.com\/index.php?rest_route=\/wp\/v2\/posts"}],"about":[{"href":"https:\/\/ecosdelsur.com\/index.php?rest_route=\/wp\/v2\/types\/post"}],"author":[{"embeddable":true,"href":"https:\/\/ecosdelsur.com\/index.php?rest_route=\/wp\/v2\/users\/8"}],"replies":[{"embeddable":true,"href":"https:\/\/ecosdelsur.com\/index.php?rest_route=%2Fwp%2Fv2%2Fcomments&post=1500"}],"version-history":[{"count":0,"href":"https:\/\/ecosdelsur.com\/index.php?rest_route=\/wp\/v2\/posts\/1500\/revisions"}],"wp:featuredmedia":[{"embeddable":true,"href":"https:\/\/ecosdelsur.com\/index.php?rest_route=\/wp\/v2\/media\/1505"}],"wp:attachment":[{"href":"https:\/\/ecosdelsur.com\/index.php?rest_route=%2Fwp%2Fv2%2Fmedia&parent=1500"}],"wp:term":[{"taxonomy":"category","embeddable":true,"href":"https:\/\/ecosdelsur.com\/index.php?rest_route=%2Fwp%2Fv2%2Fcategories&post=1500"},{"taxonomy":"post_tag","embeddable":true,"href":"https:\/\/ecosdelsur.com\/index.php?rest_route=%2Fwp%2Fv2%2Ftags&post=1500"}],"curies":[{"name":"wp","href":"https:\/\/api.w.org\/{rel}","templated":true}]}}