{"id":1497,"date":"2023-05-17T20:07:51","date_gmt":"2023-05-17T20:07:51","guid":{"rendered":"https:\/\/ecosdelsur.com\/?p=1497"},"modified":"2023-05-17T20:07:51","modified_gmt":"2023-05-17T20:07:51","slug":"patricia-bullrich-visito-a-la-ciudad-del-gorosito-dijo-que-su-plan-economico-es-extenso","status":"publish","type":"post","link":"https:\/\/ecosdelsur.com\/?p=1497","title":{"rendered":"Patricia Bullrich visito a la ciudad del Gorosito dijo &#8220;que su plan econ\u00f3mico es extenso&#8221;"},"content":{"rendered":"<p>&nbsp;<\/p>\n<p>La precandidata a la presidente de la Naci\u00f3n formul\u00f3 tal expresi\u00f3n en respuesta a una consulta que le hiciera la prensa local, que fue en la tarde del martes al arribar a Caleta Olivia, procedente de Pico Truncado.<\/p>\n<p>Patricia Bullrich concedi\u00f3 la entrevista en Sunset\u00a0 que est\u00e1 ubicado en la Avenida Nestor Carlos Kirchner, donde posteriormente pronunci\u00f3 un discurso ante unos 200 adherentes.<\/p>\n<p>&nbsp;<\/p>\n<p>Estuvo acompa\u00f1ada por dos integrantes de su equipo de campa\u00f1a que residen en Buenos Aires, \u00c1lvaro De Lamadrid (abogado y pol\u00edtico argentino de la Uni\u00f3n C\u00edvica Radical) y Silvana Mart\u00ednez; el periodista y precandidato a gobernador Mario Markic, la senadora y la diputada nacional por esta provincia, Mar\u00eda Bel\u00e9n Tapia y Roxana Reyes (esta \u00faltima tambi\u00e9n con intenciones de disputar la gobernaci\u00f3n); el ex intendente de Pico Truncado, Omar Fern\u00e1ndez (Partido Socialista) y Luciana Loyola del \u00e1mbito local.<\/p>\n<p>&nbsp;<\/p>\n<p>En ese marco, fue abordada \u00a0por los periodistas \u00a0\u00a0visitaba localidades de una provincia que tiene un exiguo caudal electoral en el contexto nacional, dijo que tanto ciudades con gran densidad demogr\u00e1fica como pueblos rec\u00f3nditos \u201cmerecen que quienes nos proponemos dirigir el pa\u00eds los visitemos para conocer sus realidades\u201d, y que adem\u00e1s \u201cpara nosotros cada ciudadano de pueblo o ciudad tiene un gran valor\u201d.<\/p>\n<p>&nbsp;<\/p>\n<p>Al momento de responder a las requisitorias period\u00edsticas, a\u00fan no se conoc\u00eda que Cristina Fern\u00e1ndez iba a ratificar su renunciamiento a postularse nuevamente como presidente de la Naci\u00f3n, la consulta fue m\u00e1s profunda, pregunta fue \u00a0si ella cambiar\u00eda su estrategia de campa\u00f1a en caso de que ello sucediera.<\/p>\n<p>&nbsp;<\/p>\n<p>Fue entonces cuando respondi\u00f3 con una desafiante frase: \u201cestoy esperando que se lance. Mi estrategia es clara y nosotros hemos planteado que tenemos que dinamitar el r\u00e9gimen kirchnerista que ha gobernado la Argentina, que ha generado una econom\u00eda inestable, que ha generado provincias totalmente dependientes del poder nacional, el antifederalismo\u201d.<\/p>\n<p>&nbsp;<\/p>\n<p>\u201cElla (Cristina) es la que mejor representa a quienes gobernaron el pa\u00eds en estos \u00faltimos tres a\u00f1os y medio, aunque como Poncio Pilatos se lava las manos y dice no tener nada que ver\u201d, cuestion\u00f3.<\/p>\n<p>&nbsp;<\/p>\n<p>LA RECETA BULLRICH<\/p>\n<p>&nbsp;<\/p>\n<p>M\u00e1s adelante, ante otra consulta, dijo que no estaba apelando a la utilizaci\u00f3n de dispositivos de Inteligencia Artificial para evaluar su proyecci\u00f3n electoralista y fue una de las pocas veces que mostr\u00f3 una sonrisa, asegurando que \u201cpor ahora solo utilizo la m\u00eda\u201d.<\/p>\n<p>&nbsp;<\/p>\n<p>En otro pasaje de la entrevista abord\u00f3 un tema del cual tiene antecedentes, cual es el de la inseguridad p\u00fablica y puntualmente admiti\u00f3 que estaba en conocimiento de lo que sucede en Santa Cruz.<\/p>\n<p>&nbsp;<\/p>\n<p>\u201cEstoy al tanto porque me lo comunican nuestros dirigentes en esta provincia en lo referente al avance del narcotr\u00e1fico y a los niveles de violencia. Por eso sabemos perfectamente qu\u00e9 hacer conjuntamente con cada provincia porque se trata de facultades delegadas y hay que trabajar en equipo, pero tenemos una propuesta: generar una filosof\u00eda de trabajo distinta como orden social. Primero el ciudadano y la v\u00edctima, y el que las hace las paga\u201d.<\/p>\n<p>&nbsp;<\/p>\n<p>En torno al plan econ\u00f3mico que pondr\u00eda en marcha en caso de alcanzar la Presidencia, dijo que ser\u00eda \u201cmuy largo de explicar\u201d, pero de todos modos pod\u00eda adelantar algunas l\u00edneas de acci\u00f3n.<\/p>\n<p>&nbsp;<\/p>\n<p>\u201cEn principio creemos que es necesario tener equilibrio fiscal ya que el Estado tiene que dejar de gastar, como ocurre ahora, ya que esto lleva a m\u00e1s emisi\u00f3n y a la inflaci\u00f3n, a la cual tenemos que cortar de cuajo porque es el impuesto m\u00e1s regresivo que tiene un sociedad\u201d, destac\u00f3.<\/p>\n<p>&nbsp;<\/p>\n<p>A ello sum\u00f3 otro \u00edtem, cual es el de \u201cbajar los impuestos que son distorsivos de la producci\u00f3n, a tal punto que hoy somos el \u00fanico pa\u00eds del sur del continente que tiene retenciones a la miner\u00eda, al campo, al petr\u00f3leo y a las econom\u00edas regionales, frenando la posibilidad del crecimiento exportador\u201d.<\/p>\n","protected":false},"excerpt":{"rendered":"<p>&nbsp; La precandidata a la presidente de la Naci\u00f3n formul\u00f3 tal expresi\u00f3n en respuesta a una consulta que le hiciera<\/p>\n","protected":false},"author":8,"featured_media":1498,"comment_status":"open","ping_status":"closed","sticky":false,"template":"","format":"standard","meta":{"footnotes":""},"categories":[33],"tags":[],"class_list":["post-1497","post","type-post","status-publish","format-standard","has-post-thumbnail","hentry","category-politica"],"_links":{"self":[{"href":"https:\/\/ecosdelsur.com\/index.php?rest_route=\/wp\/v2\/posts\/1497","targetHints":{"allow":["GET"]}}],"collection":[{"href":"https:\/\/ecosdelsur.com\/index.php?rest_route=\/wp\/v2\/posts"}],"about":[{"href":"https:\/\/ecosdelsur.com\/index.php?rest_route=\/wp\/v2\/types\/post"}],"author":[{"embeddable":true,"href":"https:\/\/ecosdelsur.com\/index.php?rest_route=\/wp\/v2\/users\/8"}],"replies":[{"embeddable":true,"href":"https:\/\/ecosdelsur.com\/index.php?rest_route=%2Fwp%2Fv2%2Fcomments&post=1497"}],"version-history":[{"count":0,"href":"https:\/\/ecosdelsur.com\/index.php?rest_route=\/wp\/v2\/posts\/1497\/revisions"}],"wp:featuredmedia":[{"embeddable":true,"href":"https:\/\/ecosdelsur.com\/index.php?rest_route=\/wp\/v2\/media\/1498"}],"wp:attachment":[{"href":"https:\/\/ecosdelsur.com\/index.php?rest_route=%2Fwp%2Fv2%2Fmedia&parent=1497"}],"wp:term":[{"taxonomy":"category","embeddable":true,"href":"https:\/\/ecosdelsur.com\/index.php?rest_route=%2Fwp%2Fv2%2Fcategories&post=1497"},{"taxonomy":"post_tag","embeddable":true,"href":"https:\/\/ecosdelsur.com\/index.php?rest_route=%2Fwp%2Fv2%2Ftags&post=1497"}],"curies":[{"name":"wp","href":"https:\/\/api.w.org\/{rel}","templated":true}]}}