{"id":1494,"date":"2023-05-17T06:39:34","date_gmt":"2023-05-17T06:39:34","guid":{"rendered":"https:\/\/ecosdelsur.com\/?p=1494"},"modified":"2023-05-17T06:39:41","modified_gmt":"2023-05-17T06:39:41","slug":"autoridades-de-argentina-y-chile-debaten-sobre-el-trabajo-infantil","status":"publish","type":"post","link":"https:\/\/ecosdelsur.com\/?p=1494","title":{"rendered":"Autoridades de Argentina y Chile debaten sobre el trabajo infantil"},"content":{"rendered":"<p>Con la presencia de representantes de los gobiernos de Santa Cruz, Chubut, Tierra del Fuego y Chile, este martes dio comienzo en R\u00edo Gallegos un seminario binacional sobre la erradicaci\u00f3n del trabajo infantil, iniciativa que forma parte de las acciones del Comit\u00e9 de Integraci\u00f3n Fronteriza de la Regi\u00f3n Austral.<\/p>\n<p>El nuevo encuentro que se extender\u00e1 hasta ma\u00f1ana, es organizado por el Ministerio de Trabajo Empleo de Santa Cruz y en ese contexto se presentan experiencias vinculadas a la tem\u00e1tica del debate \u201ca fin de distinguir fortalezas y desaf\u00edos que permitan su proyecci\u00f3n a nivel de birregional, en la b\u00fasqueda de generar acciones conjuntas entre Argentina y Chile\u201d se indica en el informe de prensa oficial.<\/p>\n<p>Del acto de apertura tomaron parte el titular de la cartera laboral santacruce\u00f1a, Teodoro Camino; la ministra de Desarrollo Social, Bel\u00e9n Garc\u00eda; la secretaria Regional Ministerial de Trabajo y Previsi\u00f3n Social de la Regi\u00f3n de Magallanes y Ant\u00e1rtica Chilena, Doris Sandoval Miranda; y la subsecretaria de Trabajo de Chubut, Caren Lloyd, entre otras autoridades.<\/p>\n<p>Al hacer declaraciones a la prensa, el ministro anfitri\u00f3n destac\u00f3 que la gobernadora Alicia Kirchner \u201cnos fij\u00f3 como uno de los objetivos espec\u00edficos, el cuidado de los chicos y chicas, por lo cual venimos trabajando de manera mancomunada entre las distintas regiones\u201d.<\/p>\n<p>Record\u00f3 adem\u00e1s que \u201cdesde la Patagonia Sur Argentina se llev\u00f3 esta inquietud a la Regi\u00f3n Magall\u00e1nica para que su representantes sean parte del encuentro. \u201c<\/p>\n<p>\u201cEl objetivo central del encuentro \u2013reiter\u00f3- es la erradicaci\u00f3n del trabajo infantil que es un tema sensible. Nosotros en la provincia de Santa Cruz, pr\u00e1cticamente lo hemos erradicado, m\u00e1s all\u00e1 que a veces surge alguna situaci\u00f3n problem\u00e1tica puntual\u201d, puntualiz\u00f3<\/p>\n<p>Por otra parte coment\u00f3 que cada vez que un equipo de inspecci\u00f3n perteneciente a la cartera laboral sale de operativo programado o sorpresivo a observar el cumplimiento de las leyes laborales, trata de ver las diversas situaciones problem\u00e1ticas como objetivo central y una est\u00e1 relacionada con el trabajo infantil.<\/p>\n<p>\u201cPr\u00e1cticamente en estos 8 a\u00f1os de gesti\u00f3n no hemos llegado a los diez casos en la provincia\u201d, asegur\u00f3.<\/p>\n","protected":false},"excerpt":{"rendered":"<p>Con la presencia de representantes de los gobiernos de Santa Cruz, Chubut, Tierra del Fuego y Chile, este martes dio<\/p>\n","protected":false},"author":8,"featured_media":1495,"comment_status":"open","ping_status":"closed","sticky":false,"template":"","format":"standard","meta":{"footnotes":""},"categories":[1],"tags":[],"class_list":["post-1494","post","type-post","status-publish","format-standard","has-post-thumbnail","hentry","category-uncategorized"],"_links":{"self":[{"href":"https:\/\/ecosdelsur.com\/index.php?rest_route=\/wp\/v2\/posts\/1494","targetHints":{"allow":["GET"]}}],"collection":[{"href":"https:\/\/ecosdelsur.com\/index.php?rest_route=\/wp\/v2\/posts"}],"about":[{"href":"https:\/\/ecosdelsur.com\/index.php?rest_route=\/wp\/v2\/types\/post"}],"author":[{"embeddable":true,"href":"https:\/\/ecosdelsur.com\/index.php?rest_route=\/wp\/v2\/users\/8"}],"replies":[{"embeddable":true,"href":"https:\/\/ecosdelsur.com\/index.php?rest_route=%2Fwp%2Fv2%2Fcomments&post=1494"}],"version-history":[{"count":0,"href":"https:\/\/ecosdelsur.com\/index.php?rest_route=\/wp\/v2\/posts\/1494\/revisions"}],"wp:featuredmedia":[{"embeddable":true,"href":"https:\/\/ecosdelsur.com\/index.php?rest_route=\/wp\/v2\/media\/1495"}],"wp:attachment":[{"href":"https:\/\/ecosdelsur.com\/index.php?rest_route=%2Fwp%2Fv2%2Fmedia&parent=1494"}],"wp:term":[{"taxonomy":"category","embeddable":true,"href":"https:\/\/ecosdelsur.com\/index.php?rest_route=%2Fwp%2Fv2%2Fcategories&post=1494"},{"taxonomy":"post_tag","embeddable":true,"href":"https:\/\/ecosdelsur.com\/index.php?rest_route=%2Fwp%2Fv2%2Ftags&post=1494"}],"curies":[{"name":"wp","href":"https:\/\/api.w.org\/{rel}","templated":true}]}}