{"id":1487,"date":"2023-05-17T06:22:21","date_gmt":"2023-05-17T06:22:21","guid":{"rendered":"https:\/\/ecosdelsur.com\/?p=1487"},"modified":"2023-05-17T06:22:30","modified_gmt":"2023-05-17T06:22:30","slug":"escuela-del-viento-claudio-vidal-y-pae-construiran-una-escuela-modelo-en-caleta-olivia-que-contara-con-profesionales-del-itba","status":"publish","type":"post","link":"https:\/\/ecosdelsur.com\/?p=1487","title":{"rendered":"Escuela del Viento: Claudio Vidal y PAE construir\u00e1n una escuela modelo en Caleta Olivia que contar\u00e1 con profesionales del ITBA"},"content":{"rendered":"<div class=\"xdj266r x11i5rnm xat24cr x1mh8g0r x1vvkbs x126k92a\">\n<div dir=\"auto\"><img decoding=\"async\" class=\"aligncenter wp-image-1491 size-full lazyload\" data-src=\"https:\/\/ecosdelsur.com\/wp-content\/uploads\/2023\/05\/347119404_6146595968751756_251036486355806655_n.jpg\" alt=\"\" width=\"800\" height=\"494\" data-srcset=\"https:\/\/ecosdelsur.com\/wp-content\/uploads\/2023\/05\/347119404_6146595968751756_251036486355806655_n.jpg 800w, https:\/\/ecosdelsur.com\/wp-content\/uploads\/2023\/05\/347119404_6146595968751756_251036486355806655_n-300x185.jpg 300w, https:\/\/ecosdelsur.com\/wp-content\/uploads\/2023\/05\/347119404_6146595968751756_251036486355806655_n-768x474.jpg 768w\" data-sizes=\"(max-width: 800px) 100vw, 800px\" src=\"data:image\/svg+xml;base64,PHN2ZyB3aWR0aD0iMSIgaGVpZ2h0PSIxIiB4bWxucz0iaHR0cDovL3d3dy53My5vcmcvMjAwMC9zdmciPjwvc3ZnPg==\" style=\"--smush-placeholder-width: 800px; --smush-placeholder-aspect-ratio: 800\/494;\" \/><\/div>\n<\/div>\n<div class=\"x11i5rnm xat24cr x1mh8g0r x1vvkbs xtlvy1s x126k92a\">\n<div dir=\"auto\"><\/div>\n<div dir=\"auto\">Con la presentaci\u00f3n del equipo T\u00e9cnico del Proyecto Educativo que se desarrollara en Caleta Olivia en una Alianza estrategica entre el Instituto Tecnologico de Buenos Aires, PAE (Pan American Energy), el Sindicato Petrolero Gas Privado y Energ\u00edas Renovables SIPGER y la Mutual 12 de Septiembre.<\/div>\n<div dir=\"auto\"><img decoding=\"async\" class=\"aligncenter wp-image-1488 size-full lazyload\" data-src=\"https:\/\/ecosdelsur.com\/wp-content\/uploads\/2023\/05\/346069054_610823091005902_7405630214705159985_n.jpg\" alt=\"\" width=\"800\" height=\"522\" data-srcset=\"https:\/\/ecosdelsur.com\/wp-content\/uploads\/2023\/05\/346069054_610823091005902_7405630214705159985_n.jpg 800w, https:\/\/ecosdelsur.com\/wp-content\/uploads\/2023\/05\/346069054_610823091005902_7405630214705159985_n-300x196.jpg 300w, https:\/\/ecosdelsur.com\/wp-content\/uploads\/2023\/05\/346069054_610823091005902_7405630214705159985_n-768x501.jpg 768w\" data-sizes=\"(max-width: 800px) 100vw, 800px\" src=\"data:image\/svg+xml;base64,PHN2ZyB3aWR0aD0iMSIgaGVpZ2h0PSIxIiB4bWxucz0iaHR0cDovL3d3dy53My5vcmcvMjAwMC9zdmciPjwvc3ZnPg==\" style=\"--smush-placeholder-width: 800px; --smush-placeholder-aspect-ratio: 800\/522;\" \/><\/div>\n<\/div>\n<div class=\"x11i5rnm xat24cr x1mh8g0r x1vvkbs xtlvy1s x126k92a\">\n<div dir=\"auto\">Con la presencia de los equipos de Gestion de ambas instituciones se desarrollo la presentaci\u00f3n de la Escuela de Modelo que fuera anunciada por el Secretario General Claudio Vidal &#8220;Vamos a construir en Caleta Olivia una Escuela Modelo que permita que los j\u00f3venes no se vayan nunca m\u00e1s de Santa Cruz&#8221;.<\/div>\n<\/div>\n<div class=\"x11i5rnm xat24cr x1mh8g0r x1vvkbs xtlvy1s x126k92a\">\n<div dir=\"auto\">Presentacion del ITBA con PAE y El Sindicato Petrolero<\/div>\n<\/div>\n<div class=\"x11i5rnm xat24cr x1mh8g0r x1vvkbs xtlvy1s x126k92a\">\n<div dir=\"auto\">Este Proyecto Educativo presentado entre el ITBA, PAE y la Mutual \u201c12 de Septiembre\u201d busca brindar educaci\u00f3n de calidad, capacitaci\u00f3n y oportunidades a todos aquellos que en el corto o mediano plazo van a ingresar en el mercado laboral.<img decoding=\"async\" class=\"aligncenter wp-image-1489 size-full lazyload\" data-src=\"https:\/\/ecosdelsur.com\/wp-content\/uploads\/2023\/05\/346886779_160920573616902_5881758707170050729_n.jpg\" alt=\"\" width=\"800\" height=\"503\" data-srcset=\"https:\/\/ecosdelsur.com\/wp-content\/uploads\/2023\/05\/346886779_160920573616902_5881758707170050729_n.jpg 800w, https:\/\/ecosdelsur.com\/wp-content\/uploads\/2023\/05\/346886779_160920573616902_5881758707170050729_n-300x189.jpg 300w, https:\/\/ecosdelsur.com\/wp-content\/uploads\/2023\/05\/346886779_160920573616902_5881758707170050729_n-768x483.jpg 768w\" data-sizes=\"(max-width: 800px) 100vw, 800px\" src=\"data:image\/svg+xml;base64,PHN2ZyB3aWR0aD0iMSIgaGVpZ2h0PSIxIiB4bWxucz0iaHR0cDovL3d3dy53My5vcmcvMjAwMC9zdmciPjwvc3ZnPg==\" style=\"--smush-placeholder-width: 800px; --smush-placeholder-aspect-ratio: 800\/503;\" \/><\/div>\n<\/div>\n<div class=\"x11i5rnm xat24cr x1mh8g0r x1vvkbs xtlvy1s x126k92a\">\n<div dir=\"auto\">Con la presencia del Secretario Adjunto Rafael Guenchenen, el referente de la Sede Caleta Olivia Pablo Carrizo, los integrantes de los Proyectos Educativos de la Mutual 12 de Septiembre Roberto Borselli, Iris Rasgido, Romina Santarelli y en representaci\u00f3n del ITBA Universidad Mar\u00eda Ver\u00f3nica Perosi-Directora de Experiencias Formativas, y Victoria Traverso, Gerente de Gesti\u00f3n de Talento de PAE<\/div>\n<\/div>\n","protected":false},"excerpt":{"rendered":"<p>Con la presentaci\u00f3n del equipo T\u00e9cnico del Proyecto Educativo que se desarrollara en Caleta Olivia en una Alianza estrategica entre<\/p>\n","protected":false},"author":8,"featured_media":1490,"comment_status":"open","ping_status":"closed","sticky":false,"template":"","format":"standard","meta":{"footnotes":""},"categories":[1],"tags":[],"class_list":["post-1487","post","type-post","status-publish","format-standard","has-post-thumbnail","hentry","category-uncategorized"],"_links":{"self":[{"href":"https:\/\/ecosdelsur.com\/index.php?rest_route=\/wp\/v2\/posts\/1487","targetHints":{"allow":["GET"]}}],"collection":[{"href":"https:\/\/ecosdelsur.com\/index.php?rest_route=\/wp\/v2\/posts"}],"about":[{"href":"https:\/\/ecosdelsur.com\/index.php?rest_route=\/wp\/v2\/types\/post"}],"author":[{"embeddable":true,"href":"https:\/\/ecosdelsur.com\/index.php?rest_route=\/wp\/v2\/users\/8"}],"replies":[{"embeddable":true,"href":"https:\/\/ecosdelsur.com\/index.php?rest_route=%2Fwp%2Fv2%2Fcomments&post=1487"}],"version-history":[{"count":0,"href":"https:\/\/ecosdelsur.com\/index.php?rest_route=\/wp\/v2\/posts\/1487\/revisions"}],"wp:featuredmedia":[{"embeddable":true,"href":"https:\/\/ecosdelsur.com\/index.php?rest_route=\/wp\/v2\/media\/1490"}],"wp:attachment":[{"href":"https:\/\/ecosdelsur.com\/index.php?rest_route=%2Fwp%2Fv2%2Fmedia&parent=1487"}],"wp:term":[{"taxonomy":"category","embeddable":true,"href":"https:\/\/ecosdelsur.com\/index.php?rest_route=%2Fwp%2Fv2%2Fcategories&post=1487"},{"taxonomy":"post_tag","embeddable":true,"href":"https:\/\/ecosdelsur.com\/index.php?rest_route=%2Fwp%2Fv2%2Ftags&post=1487"}],"curies":[{"name":"wp","href":"https:\/\/api.w.org\/{rel}","templated":true}]}}