{"id":1478,"date":"2023-05-17T06:04:51","date_gmt":"2023-05-17T06:04:51","guid":{"rendered":"https:\/\/ecosdelsur.com\/?p=1478"},"modified":"2023-05-17T06:04:57","modified_gmt":"2023-05-17T06:04:57","slug":"cotillo-recibio-a-santiago-rearte-campeon-de-la-copa-mundial-world-skate-2023","status":"publish","type":"post","link":"https:\/\/ecosdelsur.com\/?p=1478","title":{"rendered":"Cotillo recibi\u00f3 a Santiago Rearte campe\u00f3n de la Copa Mundial World Skate 2023"},"content":{"rendered":"<p class=\"yiv5227362844MsoNormal\"><b><span class=\"yiv5227362844ContentPasted0\"> <img decoding=\"async\" class=\"aligncenter wp-image-1481 size-full lazyload\" data-src=\"https:\/\/ecosdelsur.com\/wp-content\/uploads\/2023\/05\/DSC_8278.jpg\" alt=\"\" width=\"800\" height=\"462\" data-srcset=\"https:\/\/ecosdelsur.com\/wp-content\/uploads\/2023\/05\/DSC_8278.jpg 800w, https:\/\/ecosdelsur.com\/wp-content\/uploads\/2023\/05\/DSC_8278-300x173.jpg 300w, https:\/\/ecosdelsur.com\/wp-content\/uploads\/2023\/05\/DSC_8278-768x444.jpg 768w\" data-sizes=\"(max-width: 800px) 100vw, 800px\" src=\"data:image\/svg+xml;base64,PHN2ZyB3aWR0aD0iMSIgaGVpZ2h0PSIxIiB4bWxucz0iaHR0cDovL3d3dy53My5vcmcvMjAwMC9zdmciPjwvc3ZnPg==\" style=\"--smush-placeholder-width: 800px; --smush-placeholder-aspect-ratio: 800\/462;\" \/> \u00a0<\/span><\/b><\/p>\n<p class=\"yiv5227362844MsoNormal\"><b>\u00a0<\/b><i><span class=\"yiv5227362844ContentPasted0\">Este lunes, el intendente, Fernando Cotillo, le dio la bienvenida al patinador \u201cSanti\u201d Rearte que, con apenas 10 a\u00f1os, logr\u00f3 consagrarse campe\u00f3n mundial, obteniendo el 1\u00b0 puesto en categor\u00eda libre en el certamen competitivo que se desarroll\u00f3 en Asunci\u00f3n Paraguay. <img decoding=\"async\" class=\"alignnone wp-image-1479 size-full lazyload\" data-src=\"https:\/\/ecosdelsur.com\/wp-content\/uploads\/2023\/05\/DSC_8248.jpg\" alt=\"\" width=\"800\" height=\"463\" data-srcset=\"https:\/\/ecosdelsur.com\/wp-content\/uploads\/2023\/05\/DSC_8248.jpg 800w, https:\/\/ecosdelsur.com\/wp-content\/uploads\/2023\/05\/DSC_8248-300x174.jpg 300w, https:\/\/ecosdelsur.com\/wp-content\/uploads\/2023\/05\/DSC_8248-768x444.jpg 768w\" data-sizes=\"(max-width: 800px) 100vw, 800px\" src=\"data:image\/svg+xml;base64,PHN2ZyB3aWR0aD0iMSIgaGVpZ2h0PSIxIiB4bWxucz0iaHR0cDovL3d3dy53My5vcmcvMjAwMC9zdmciPjwvc3ZnPg==\" style=\"--smush-placeholder-width: 800px; --smush-placeholder-aspect-ratio: 800\/463;\" \/><\/span><\/i><\/p>\n<p class=\"yiv5227362844MsoNormal\"><i>\u00a0<\/i><\/p>\n<p class=\"yiv5227362844MsoNormal\"><span class=\"yiv5227362844ContentPasted0\">En este contexto, el jefe Comunal, felicit\u00f3 a Santiago por su participaci\u00f3n, el gran desempe\u00f1o, disciplina y constancia. Asimismo, sostuvo que continuar\u00e1n brind\u00e1ndole todo el apoyo que necesite. \u00a0<\/span><\/p>\n<p class=\"yiv5227362844MsoNormal\"><b><i><span class=\"yiv5227362844ContentPasted0\">\u201cAgradecemos su presencia y estamos muy contentos por la noticia que tuvimos, como tambi\u00e9n con la comunidad, por el apoyo que le brindaron a Santiago\u201d,<\/span><\/i><\/b><span class=\"yiv5227362844ContentPasted0\">\u00a0expres\u00f3. <img decoding=\"async\" class=\"aligncenter wp-image-1483 size-full lazyload\" data-src=\"https:\/\/ecosdelsur.com\/wp-content\/uploads\/2023\/05\/DSC_8288.jpg\" alt=\"\" width=\"800\" height=\"502\" data-srcset=\"https:\/\/ecosdelsur.com\/wp-content\/uploads\/2023\/05\/DSC_8288.jpg 800w, https:\/\/ecosdelsur.com\/wp-content\/uploads\/2023\/05\/DSC_8288-300x188.jpg 300w, https:\/\/ecosdelsur.com\/wp-content\/uploads\/2023\/05\/DSC_8288-768x482.jpg 768w\" data-sizes=\"(max-width: 800px) 100vw, 800px\" src=\"data:image\/svg+xml;base64,PHN2ZyB3aWR0aD0iMSIgaGVpZ2h0PSIxIiB4bWxucz0iaHR0cDovL3d3dy53My5vcmcvMjAwMC9zdmciPjwvc3ZnPg==\" style=\"--smush-placeholder-width: 800px; --smush-placeholder-aspect-ratio: 800\/502;\" \/><\/span><\/p>\n<p class=\"yiv5227362844MsoNormal\"><span class=\"yiv5227362844ContentPasted0\">Igualmente, mencion\u00f3 que desde el Municipio siempre acompa\u00f1an este tipo de disciplinas que son muy costosas. \u00a0<\/span><\/p>\n<p class=\"yiv5227362844MsoNormal\"><b><i><span class=\"yiv5227362844ContentPasted0\">\u201cSabemos lo dif\u00edcil que fue para la familia que el peque\u00f1o se instruya como corresponda, pero estamos felices por su evoluci\u00f3n como persona y eso lo hace el deporte. Es un modelo a seguir para muchos y por eso le brindamos este reconocimiento\u201d<\/span><\/i><\/b><span class=\"yiv5227362844ContentPasted0\">, cerr\u00f3 Cotillo. \u00a0<\/span><\/p>\n<p class=\"yiv5227362844MsoNormal\"><span class=\"yiv5227362844ContentPasted0\">Por otro lado, Santiago Rearte, patinador, primeramente, exhibi\u00f3 el trofeo y manifest\u00f3 que pudo disfrutar mucho de la competencia que le gener\u00f3 una gran alegr\u00eda. Tambi\u00e9n agradeci\u00f3 a todas las personas que lo recibieron a su llegada. \u00a0<\/span><\/p>\n<p class=\"yiv5227362844MsoNormal\"><b><i><span class=\"yiv5227362844ContentPasted0\">\u201cTuve muy buen puntaje, a pesar de la presi\u00f3n, porque fui el \u00fanico en mi categor\u00eda y ten\u00eda que hacerlo bien, pero tambi\u00e9n pude superar mi propia marca\u201d,<\/span><\/i><\/b><span class=\"yiv5227362844ContentPasted0\">\u00a0culmin\u00f3. \u00a0<\/span><\/p>\n","protected":false},"excerpt":{"rendered":"<p>\u00a0 \u00a0Este lunes, el intendente, Fernando Cotillo, le dio la bienvenida al patinador \u201cSanti\u201d Rearte que, con apenas 10 a\u00f1os,<\/p>\n","protected":false},"author":8,"featured_media":1484,"comment_status":"open","ping_status":"closed","sticky":false,"template":"","format":"standard","meta":{"footnotes":""},"categories":[37],"tags":[],"class_list":["post-1478","post","type-post","status-publish","format-standard","has-post-thumbnail","hentry","category-deportes"],"_links":{"self":[{"href":"https:\/\/ecosdelsur.com\/index.php?rest_route=\/wp\/v2\/posts\/1478","targetHints":{"allow":["GET"]}}],"collection":[{"href":"https:\/\/ecosdelsur.com\/index.php?rest_route=\/wp\/v2\/posts"}],"about":[{"href":"https:\/\/ecosdelsur.com\/index.php?rest_route=\/wp\/v2\/types\/post"}],"author":[{"embeddable":true,"href":"https:\/\/ecosdelsur.com\/index.php?rest_route=\/wp\/v2\/users\/8"}],"replies":[{"embeddable":true,"href":"https:\/\/ecosdelsur.com\/index.php?rest_route=%2Fwp%2Fv2%2Fcomments&post=1478"}],"version-history":[{"count":0,"href":"https:\/\/ecosdelsur.com\/index.php?rest_route=\/wp\/v2\/posts\/1478\/revisions"}],"wp:featuredmedia":[{"embeddable":true,"href":"https:\/\/ecosdelsur.com\/index.php?rest_route=\/wp\/v2\/media\/1484"}],"wp:attachment":[{"href":"https:\/\/ecosdelsur.com\/index.php?rest_route=%2Fwp%2Fv2%2Fmedia&parent=1478"}],"wp:term":[{"taxonomy":"category","embeddable":true,"href":"https:\/\/ecosdelsur.com\/index.php?rest_route=%2Fwp%2Fv2%2Fcategories&post=1478"},{"taxonomy":"post_tag","embeddable":true,"href":"https:\/\/ecosdelsur.com\/index.php?rest_route=%2Fwp%2Fv2%2Ftags&post=1478"}],"curies":[{"name":"wp","href":"https:\/\/api.w.org\/{rel}","templated":true}]}}