{"id":1474,"date":"2023-05-17T05:57:14","date_gmt":"2023-05-17T05:57:14","guid":{"rendered":"https:\/\/ecosdelsur.com\/?p=1474"},"modified":"2023-05-17T05:57:19","modified_gmt":"2023-05-17T05:57:19","slug":"litio-hector-laplace-participara-en-la-reunion-sobre-desarrollo-de-proveedores-locales","status":"publish","type":"post","link":"https:\/\/ecosdelsur.com\/?p=1474","title":{"rendered":"Litio: H\u00e9ctor Laplace participar\u00e1 en la reuni\u00f3n sobre desarrollo de proveedores locales"},"content":{"rendered":"<p>El evento tendr\u00e1 lugar el pr\u00f3ximo mi\u00e9rcoles 17 de mayo desde las 9:30 en la ciudad de Catamarca, organizado por el Ministerio del Interior, el Ministerio de Industria, Comercio y Empleo de Catamarca y el Consejo Federal de Inversiones.<\/p>\n<p>&#8212;&#8212;&#8212;&#8212;&#8212;&#8212;&#8212;&#8212;&#8212;&#8212;&#8212;&#8212;&#8212;&#8212;&#8212;&#8211;<\/p>\n<p>El pr\u00f3ximo mi\u00e9rcoles 17 de mayo, desde las 9:30, se realizar\u00e1 la primera reuni\u00f3n sobre desarrollo de proveedores locales para miner\u00eda metal\u00edfera &#8211; litio.<\/p>\n<p>Con el objetivo de impulsar pol\u00edticas p\u00fablicas y de articulaci\u00f3n institucional p\u00fablico-privado para el desarrollo de dichos proveedores, el Ministerio del Interior de la Naci\u00f3n, el Ministerio de Industria, Comercio y Empleo de Catamarca y el Consejo Federal de Inversiones desarrollar\u00e1n una serie de charlas en la ciudad de Catamarca.<\/p>\n<p>Durante el mismo, se presentar\u00e1 un informe del Ministerio del Interior sobre proveedores locales para la miner\u00eda metal\u00edfera y litio en las provincias mineras, sobre el cual trabajar\u00e1n las y los expositores y participantes del evento.<\/p>\n<p>En el marco de las presentaciones, el Secretario General de la Asociaci\u00f3n Obrera Minera Argentina (AOMA), H\u00e9ctor Laplace, ser\u00e1 parte de la mesa de \u201cPol\u00edtica industrial, financiamiento y capacitaci\u00f3n\u201d.<\/p>\n<p>En la misma, compartir\u00e1 la palabra con Lisandro \u00c1lvarez (Ministro de Industria, Comercio y Empleo de Catamarca), Mart\u00edn Alfie (Jefe de \u00c1rea de Desarrollo Federal del CFI) y Fernando Torresi (Comisi\u00f3n Desarrollo Federal de ADIMRA).<\/p>\n<p>La clausura del evento estar\u00e1 a cargo de Paula Espa\u00f1ol (Subsecretaria de Pol\u00edticas para el Desarrollo con Equidad Regional, Ministerio del Interior), Pablo N\u00fa\u00f1ez (Subsecretario de Coordinaci\u00f3n Institucional, Ministerio de Ciencia y Tecnolog\u00eda e Innovaci\u00f3n de la Naci\u00f3n), Wado de Pedro (Ministro del Interior) y Ra\u00fal Jalil (Gobernador de Catamarca).<\/p>\n","protected":false},"excerpt":{"rendered":"<p>El evento tendr\u00e1 lugar el pr\u00f3ximo mi\u00e9rcoles 17 de mayo desde las 9:30 en la ciudad de Catamarca, organizado por<\/p>\n","protected":false},"author":8,"featured_media":1475,"comment_status":"open","ping_status":"closed","sticky":false,"template":"","format":"standard","meta":{"footnotes":""},"categories":[1],"tags":[],"class_list":["post-1474","post","type-post","status-publish","format-standard","has-post-thumbnail","hentry","category-uncategorized"],"_links":{"self":[{"href":"https:\/\/ecosdelsur.com\/index.php?rest_route=\/wp\/v2\/posts\/1474","targetHints":{"allow":["GET"]}}],"collection":[{"href":"https:\/\/ecosdelsur.com\/index.php?rest_route=\/wp\/v2\/posts"}],"about":[{"href":"https:\/\/ecosdelsur.com\/index.php?rest_route=\/wp\/v2\/types\/post"}],"author":[{"embeddable":true,"href":"https:\/\/ecosdelsur.com\/index.php?rest_route=\/wp\/v2\/users\/8"}],"replies":[{"embeddable":true,"href":"https:\/\/ecosdelsur.com\/index.php?rest_route=%2Fwp%2Fv2%2Fcomments&post=1474"}],"version-history":[{"count":0,"href":"https:\/\/ecosdelsur.com\/index.php?rest_route=\/wp\/v2\/posts\/1474\/revisions"}],"wp:featuredmedia":[{"embeddable":true,"href":"https:\/\/ecosdelsur.com\/index.php?rest_route=\/wp\/v2\/media\/1475"}],"wp:attachment":[{"href":"https:\/\/ecosdelsur.com\/index.php?rest_route=%2Fwp%2Fv2%2Fmedia&parent=1474"}],"wp:term":[{"taxonomy":"category","embeddable":true,"href":"https:\/\/ecosdelsur.com\/index.php?rest_route=%2Fwp%2Fv2%2Fcategories&post=1474"},{"taxonomy":"post_tag","embeddable":true,"href":"https:\/\/ecosdelsur.com\/index.php?rest_route=%2Fwp%2Fv2%2Ftags&post=1474"}],"curies":[{"name":"wp","href":"https:\/\/api.w.org\/{rel}","templated":true}]}}