{"id":1470,"date":"2023-05-17T05:41:17","date_gmt":"2023-05-17T05:41:17","guid":{"rendered":"https:\/\/ecosdelsur.com\/?p=1470"},"modified":"2023-05-17T05:41:23","modified_gmt":"2023-05-17T05:41:23","slug":"las-juventudes-de-el-chalten-disfrutaron-de-la-jornada-rafagazo-gamer","status":"publish","type":"post","link":"https:\/\/ecosdelsur.com\/?p=1470","title":{"rendered":"Las Juventudes de El Chalt\u00e9n disfrutaron de la jornada \u201cRafagazo Gamer\u201d"},"content":{"rendered":"<div class=\"itemIntroText\">Este s\u00e1bado, como parte de las actividades territoriales que viene realizando la Subsecretar\u00eda de la Juventud, en instalaciones de la Direcci\u00f3n de Juventudes de la Municipalidad de El Chalt\u00e9n, se llev\u00f3 a cabo una propuesta recreativa y de promoci\u00f3n de derechos.<\/div>\n<div class=\"itemFullText\">\n<p>Se trata de \u201cRafagazo Gamer\u201d, organizado de manera conjunta entre el \u00e1rea de Juventud provincial y municipal, que en esta oportunidad const\u00f3 de un torneo del videojuego \u201cFIFA\u201d; iniciativa enmarcada en el fortalecimiento a la mencionada direcci\u00f3n a trav\u00e9s de la entrega de una consola XBOX por parte de la cartera social; continuando de esta manera el acompa\u00f1amiento a espacios de promoci\u00f3n joven por parte del Gobierno de Santa Cruz<\/p>\n<p>El mencionado torneo estuvo destinado a juventudes de entre 12 y 18 a\u00f1os; por lo cual, desde la Subsecretar\u00eda Provincial se agreg\u00f3 que se est\u00e1 trabajando en una nueva propuesta, esta vez orientada a jovenxs de 18 a 25 a\u00f1os. Del evento participaron 16 duplas de participantes, teniendo como modalidad la eliminaci\u00f3n directa. El premio fue un juego de auriculares inal\u00e1mbricos para cada integrante de la dupla ganadora.<\/p>\n<p>En este sentido, de manera articulada con el equipo a cargo de la directora local Agustina Suarez, se concret\u00f3 la jornada, que cont\u00f3 con la presencia del intendente N\u00e9stor Tico; la ministra de Desarrollo Social Bel\u00e9n Garc\u00eda; lxs secretarixs de Estado Mart\u00edn L\u00f3pez y Bel\u00e9n Torres; junto con la subsecretaria de la Juventud B\u00e1rbara D\u00edaz Robles y su equipo.<\/p>\n<\/div>\n","protected":false},"excerpt":{"rendered":"<p>Este s\u00e1bado, como parte de las actividades territoriales que viene realizando la Subsecretar\u00eda de la Juventud, en instalaciones de la<\/p>\n","protected":false},"author":8,"featured_media":1471,"comment_status":"open","ping_status":"closed","sticky":false,"template":"","format":"standard","meta":{"footnotes":""},"categories":[37],"tags":[],"class_list":["post-1470","post","type-post","status-publish","format-standard","has-post-thumbnail","hentry","category-deportes"],"_links":{"self":[{"href":"https:\/\/ecosdelsur.com\/index.php?rest_route=\/wp\/v2\/posts\/1470","targetHints":{"allow":["GET"]}}],"collection":[{"href":"https:\/\/ecosdelsur.com\/index.php?rest_route=\/wp\/v2\/posts"}],"about":[{"href":"https:\/\/ecosdelsur.com\/index.php?rest_route=\/wp\/v2\/types\/post"}],"author":[{"embeddable":true,"href":"https:\/\/ecosdelsur.com\/index.php?rest_route=\/wp\/v2\/users\/8"}],"replies":[{"embeddable":true,"href":"https:\/\/ecosdelsur.com\/index.php?rest_route=%2Fwp%2Fv2%2Fcomments&post=1470"}],"version-history":[{"count":0,"href":"https:\/\/ecosdelsur.com\/index.php?rest_route=\/wp\/v2\/posts\/1470\/revisions"}],"wp:featuredmedia":[{"embeddable":true,"href":"https:\/\/ecosdelsur.com\/index.php?rest_route=\/wp\/v2\/media\/1471"}],"wp:attachment":[{"href":"https:\/\/ecosdelsur.com\/index.php?rest_route=%2Fwp%2Fv2%2Fmedia&parent=1470"}],"wp:term":[{"taxonomy":"category","embeddable":true,"href":"https:\/\/ecosdelsur.com\/index.php?rest_route=%2Fwp%2Fv2%2Fcategories&post=1470"},{"taxonomy":"post_tag","embeddable":true,"href":"https:\/\/ecosdelsur.com\/index.php?rest_route=%2Fwp%2Fv2%2Ftags&post=1470"}],"curies":[{"name":"wp","href":"https:\/\/api.w.org\/{rel}","templated":true}]}}