{"id":1464,"date":"2023-05-17T05:29:02","date_gmt":"2023-05-17T05:29:02","guid":{"rendered":"https:\/\/ecosdelsur.com\/?p=1464"},"modified":"2023-05-17T05:29:07","modified_gmt":"2023-05-17T05:29:07","slug":"pico-truncado-presente-en-el-2-foro-de-transicion-energetica","status":"publish","type":"post","link":"https:\/\/ecosdelsur.com\/?p=1464","title":{"rendered":"Pico Truncado presente en el 2\u00b0 foro de transici\u00f3n energ\u00e9tica"},"content":{"rendered":"<p><img decoding=\"async\" class=\"aligncenter wp-image-1465 size-full lazyload\" data-src=\"https:\/\/ecosdelsur.com\/wp-content\/uploads\/2023\/05\/Foro-energetico-1.jpg\" alt=\"\" width=\"800\" height=\"500\" data-srcset=\"https:\/\/ecosdelsur.com\/wp-content\/uploads\/2023\/05\/Foro-energetico-1.jpg 800w, https:\/\/ecosdelsur.com\/wp-content\/uploads\/2023\/05\/Foro-energetico-1-300x188.jpg 300w, https:\/\/ecosdelsur.com\/wp-content\/uploads\/2023\/05\/Foro-energetico-1-768x480.jpg 768w\" data-sizes=\"(max-width: 800px) 100vw, 800px\" src=\"data:image\/svg+xml;base64,PHN2ZyB3aWR0aD0iMSIgaGVpZ2h0PSIxIiB4bWxucz0iaHR0cDovL3d3dy53My5vcmcvMjAwMC9zdmciPjwvc3ZnPg==\" style=\"--smush-placeholder-width: 800px; --smush-placeholder-aspect-ratio: 800\/500;\" \/><\/p>\n<p>El intendente Osvaldo Maim\u00f3 junto al Jefe de Gabinete, Rodolfo Marcilla, y la vocal del Instituto de Ciencia, Tecnolog\u00eda e Innovaci\u00f3n de Santa Cruz, la Lic. Mabel Herrera, formaron parte del acto de apertura oficial del 2\u00b0 Foro de Transici\u00f3n Energ\u00e9tica que se desarrolla en las instalaciones del Complejo Cultural Santa Cruz. El encuentro fue encabezado por la gobernadora Alicia Kirchner, quien estuvo acompa\u00f1ada por el ministro de Ciencia, Tecnolog\u00eda e Innovaci\u00f3n Productiva de la Naci\u00f3n, Daniel Filmus; la secretaria de Energ\u00eda, Flavia Roy\u00f3n; y el presidente de YPF, Pablo Gonz\u00e1lez. <img decoding=\"async\" class=\"aligncenter wp-image-1467 size-full lazyload\" data-src=\"https:\/\/ecosdelsur.com\/wp-content\/uploads\/2023\/05\/Foro-energetico-3.jpg\" alt=\"\" width=\"795\" height=\"475\" data-srcset=\"https:\/\/ecosdelsur.com\/wp-content\/uploads\/2023\/05\/Foro-energetico-3.jpg 795w, https:\/\/ecosdelsur.com\/wp-content\/uploads\/2023\/05\/Foro-energetico-3-300x179.jpg 300w, https:\/\/ecosdelsur.com\/wp-content\/uploads\/2023\/05\/Foro-energetico-3-768x459.jpg 768w\" data-sizes=\"(max-width: 795px) 100vw, 795px\" src=\"data:image\/svg+xml;base64,PHN2ZyB3aWR0aD0iMSIgaGVpZ2h0PSIxIiB4bWxucz0iaHR0cDovL3d3dy53My5vcmcvMjAwMC9zdmciPjwvc3ZnPg==\" style=\"--smush-placeholder-width: 795px; --smush-placeholder-aspect-ratio: 795\/475;\" \/><\/p>\n<p>&nbsp;<\/p>\n<p>En ese marco, la m\u00e1xima autoridad de la provincia de Santa Cruz agradeci\u00f3 en primera instancia a los presentes por participar en esta instancia de di\u00e1logo e interacci\u00f3n. \u201cAgradezco a aquellos que representan a la industria, la universidad, gremios, a los distintos sindicatos que tienen que ver con las pol\u00edticas de transici\u00f3n y a los que se desarrollan en energ\u00eda\u201d, subray\u00f3.<\/p>\n<p>&nbsp;<\/p>\n<p>Cabe destacar que previamente, Flavia Roy\u00f3n, indic\u00f3 que Pico Truncado con la Planta de Hidrogeno fue visionario, fue un proyecto piloto y ahora el hidr\u00f3geno es el futuro de la energ\u00eda. Esto encuentra potencialidad en la Argentina y puntualmente en esta regi\u00f3n, seg\u00fan afirm\u00f3 la Secretaria de Energ\u00eda.<\/p>\n<p>&nbsp;<\/p>\n<p>A su turno, el Ministro Filmus destac\u00f3 el esfuerzo en nuestra localidad, donde est\u00e1 la \u00fanica iniciativa con respecto a hidr\u00f3geno en el pa\u00eds, ya que se est\u00e1 invirtiendo m\u00e1s de 300 millones de pesos despu\u00e9s de tantos a\u00f1os sin invertir, con el fin de volver a producir.<\/p>\n<p>&nbsp;<\/p>\n<p>En este 2\u00b0 Foro se hace hincapi\u00e9 en que los factores pol\u00edticos son claves frente al desaf\u00edo de una transici\u00f3n energ\u00e9tica asequible, inclusiva, segura, sostenible y moderna. Nuestra ciudad y su Planta Experimental de Hidr\u00f3geno en el d\u00eda de hoy detallar\u00e1n el momento actual, donde se inicia el pasaje a Semi Industrial, a cargo de la Lic. Herrera<\/p>\n","protected":false},"excerpt":{"rendered":"<p>El intendente Osvaldo Maim\u00f3 junto al Jefe de Gabinete, Rodolfo Marcilla, y la vocal del Instituto de Ciencia, Tecnolog\u00eda e<\/p>\n","protected":false},"author":8,"featured_media":1466,"comment_status":"open","ping_status":"closed","sticky":false,"template":"","format":"standard","meta":{"footnotes":""},"categories":[1],"tags":[],"class_list":["post-1464","post","type-post","status-publish","format-standard","has-post-thumbnail","hentry","category-uncategorized"],"_links":{"self":[{"href":"https:\/\/ecosdelsur.com\/index.php?rest_route=\/wp\/v2\/posts\/1464","targetHints":{"allow":["GET"]}}],"collection":[{"href":"https:\/\/ecosdelsur.com\/index.php?rest_route=\/wp\/v2\/posts"}],"about":[{"href":"https:\/\/ecosdelsur.com\/index.php?rest_route=\/wp\/v2\/types\/post"}],"author":[{"embeddable":true,"href":"https:\/\/ecosdelsur.com\/index.php?rest_route=\/wp\/v2\/users\/8"}],"replies":[{"embeddable":true,"href":"https:\/\/ecosdelsur.com\/index.php?rest_route=%2Fwp%2Fv2%2Fcomments&post=1464"}],"version-history":[{"count":0,"href":"https:\/\/ecosdelsur.com\/index.php?rest_route=\/wp\/v2\/posts\/1464\/revisions"}],"wp:featuredmedia":[{"embeddable":true,"href":"https:\/\/ecosdelsur.com\/index.php?rest_route=\/wp\/v2\/media\/1466"}],"wp:attachment":[{"href":"https:\/\/ecosdelsur.com\/index.php?rest_route=%2Fwp%2Fv2%2Fmedia&parent=1464"}],"wp:term":[{"taxonomy":"category","embeddable":true,"href":"https:\/\/ecosdelsur.com\/index.php?rest_route=%2Fwp%2Fv2%2Fcategories&post=1464"},{"taxonomy":"post_tag","embeddable":true,"href":"https:\/\/ecosdelsur.com\/index.php?rest_route=%2Fwp%2Fv2%2Ftags&post=1464"}],"curies":[{"name":"wp","href":"https:\/\/api.w.org\/{rel}","templated":true}]}}