{"id":1456,"date":"2023-05-17T05:16:02","date_gmt":"2023-05-17T05:16:02","guid":{"rendered":"https:\/\/ecosdelsur.com\/?p=1456"},"modified":"2023-05-17T05:16:07","modified_gmt":"2023-05-17T05:16:07","slug":"presentacion-del-plan-santa-cruz-crece-y-billetera-santa-cruz-en-caleta-olivia-impulso-economico-a-pymes-y-alivio-al-bolsillo-de-consumidores","status":"publish","type":"post","link":"https:\/\/ecosdelsur.com\/?p=1456","title":{"rendered":"Presentaci\u00f3n del Plan \u201cSanta Cruz Crece\u201d y \u201cBilletera Santa Cruz\u201d en Caleta Olivia: Impulso econ\u00f3mico a PYMES y \u201calivio al bolsillo\u201d de consumidores \u00a0"},"content":{"rendered":"<p class=\"yiv5850199923MsoNormal\"><img decoding=\"async\" class=\"aligncenter wp-image-1460 size-full lazyload\" data-src=\"https:\/\/ecosdelsur.com\/wp-content\/uploads\/2023\/05\/billetera-4.jpg\" alt=\"\" width=\"800\" height=\"462\" data-srcset=\"https:\/\/ecosdelsur.com\/wp-content\/uploads\/2023\/05\/billetera-4.jpg 800w, https:\/\/ecosdelsur.com\/wp-content\/uploads\/2023\/05\/billetera-4-300x173.jpg 300w, https:\/\/ecosdelsur.com\/wp-content\/uploads\/2023\/05\/billetera-4-768x444.jpg 768w\" data-sizes=\"(max-width: 800px) 100vw, 800px\" src=\"data:image\/svg+xml;base64,PHN2ZyB3aWR0aD0iMSIgaGVpZ2h0PSIxIiB4bWxucz0iaHR0cDovL3d3dy53My5vcmcvMjAwMC9zdmciPjwvc3ZnPg==\" style=\"--smush-placeholder-width: 800px; --smush-placeholder-aspect-ratio: 800\/462;\" \/><\/p>\n<p class=\"yiv5850199923MsoNormal\"><i><span class=\"yiv5850199923ContentPasted0\" lang=\"ES\">En un importante encuentro celebrado este lunes en el SUM del Centro Cultural de Caleta Olivia, funcionarios provinciales y municipales presentaron los detalles del Plan \u201cSanta Cruz Crece\u201d y la \u201cBilletera Santa Cruz\u201d, dos programas que buscan incentivar el desarrollo econ\u00f3mico, la generaci\u00f3n de empleo y brindar alivio al bolsillo de los ciudadanos. <img decoding=\"async\" class=\"aligncenter wp-image-1459 size-full lazyload\" data-src=\"https:\/\/ecosdelsur.com\/wp-content\/uploads\/2023\/05\/billetera-3.jpg\" alt=\"\" width=\"800\" height=\"472\" data-srcset=\"https:\/\/ecosdelsur.com\/wp-content\/uploads\/2023\/05\/billetera-3.jpg 800w, https:\/\/ecosdelsur.com\/wp-content\/uploads\/2023\/05\/billetera-3-300x177.jpg 300w, https:\/\/ecosdelsur.com\/wp-content\/uploads\/2023\/05\/billetera-3-768x453.jpg 768w\" data-sizes=\"(max-width: 800px) 100vw, 800px\" src=\"data:image\/svg+xml;base64,PHN2ZyB3aWR0aD0iMSIgaGVpZ2h0PSIxIiB4bWxucz0iaHR0cDovL3d3dy53My5vcmcvMjAwMC9zdmciPjwvc3ZnPg==\" style=\"--smush-placeholder-width: 800px; --smush-placeholder-aspect-ratio: 800\/472;\" \/><\/span><\/i><\/p>\n<p class=\"yiv5850199923MsoNormal\"><span class=\"yiv5850199923ContentPasted0\" lang=\"ES\">La presentaci\u00f3n de estos programas en Caleta Olivia representa un impulso econ\u00f3mico porque buscan fomentar el desarrollo de nuevas empresas, generar empleo genuino y brindar alivio al bolsillo de los ciudadanos. \u00a0<\/span><\/p>\n<p class=\"yiv5850199923MsoNormal\"><b><i><span class=\"yiv5850199923ContentPasted0\" lang=\"ES\">\u201cLa articulaci\u00f3n entre el Municipio y la Provincia demuestra el compromiso de trabajar en conjunto para satisfacer las necesidades de la comunidad y promover el crecimiento local\u201d,<\/span><\/i><\/b><span class=\"yiv5850199923ContentPasted0\" lang=\"ES\">\u00a0dijo la secretaria de Producci\u00f3n local, Tania Sasso, en el evento. <img decoding=\"async\" class=\"aligncenter wp-image-1462 size-full lazyload\" data-src=\"https:\/\/ecosdelsur.com\/wp-content\/uploads\/2023\/05\/billetera-6.jpg\" alt=\"\" width=\"800\" height=\"486\" data-srcset=\"https:\/\/ecosdelsur.com\/wp-content\/uploads\/2023\/05\/billetera-6.jpg 800w, https:\/\/ecosdelsur.com\/wp-content\/uploads\/2023\/05\/billetera-6-300x182.jpg 300w, https:\/\/ecosdelsur.com\/wp-content\/uploads\/2023\/05\/billetera-6-768x467.jpg 768w\" data-sizes=\"(max-width: 800px) 100vw, 800px\" src=\"data:image\/svg+xml;base64,PHN2ZyB3aWR0aD0iMSIgaGVpZ2h0PSIxIiB4bWxucz0iaHR0cDovL3d3dy53My5vcmcvMjAwMC9zdmciPjwvc3ZnPg==\" style=\"--smush-placeholder-width: 800px; --smush-placeholder-aspect-ratio: 800\/486;\" \/><\/span><\/p>\n<p class=\"yiv5850199923MsoNormal\"><span class=\"yiv5850199923ContentPasted0\" lang=\"ES\">En las explicaciones de estas iniciativas gubernamentales tambi\u00e9n intervino la ministra de Igualdad de Integraci\u00f3n, Agostina Mora. La ministra expres\u00f3 que su presencia en el acto es\u00a0<b><i class=\"yiv5850199923ContentPasted0\">\u201cpara acompa\u00f1ar la presentaci\u00f3n de estas herramientas y destacar la importancia de transversalizar la perspectiva de g\u00e9nero en el dise\u00f1o de pol\u00edticas p\u00fablicas\u201d<\/i><\/b>. \u00a0<\/span><\/p>\n<p class=\"yiv5850199923MsoNormal\"><b><i><span class=\"yiv5850199923ContentPasted0\" lang=\"ES\">\u201cEl Estado tiene la responsabilidad de estar en territorio, vincul\u00e1ndose con las distintas localidades y generando nexos con la comunidad para difundir y hacer llegar estas herramientas que buscan aliviar las necesidades de las familias de Santa Cruz\u201d,<\/span><\/i><\/b><span class=\"yiv5850199923ContentPasted0\" lang=\"ES\">\u00a0manifest\u00f3 Mora. \u00a0<\/span><\/p>\n<p class=\"yiv5850199923MsoNormal\"><b><span class=\"yiv5850199923ContentPasted0\" lang=\"ES\">Propuesta integral para peque\u00f1os y medianos empresarios \u00a0<\/span><\/b><\/p>\n<p class=\"yiv5850199923MsoNormal\"><span class=\"yiv5850199923ContentPasted0\" lang=\"ES\">El Plan \u201cSanta Cruz Crece\u201d es el resultado de un trabajo conjunto entre los Ministerios de la Producci\u00f3n, Comercio e Industria, de Trabajo, Empleo y Seguridad Social, y la Confederaci\u00f3n Argentina de la Mediana Empresa. Este plan se compone de dos programas de incentivo: &#8220;Nuevas MiPyMEs&#8221; y &#8220;Generaci\u00f3n de Empleo&#8221;. Su objetivo principal es impulsar la creaci\u00f3n de nuevos puestos de trabajo y fomentar el surgimiento de nuevas micro, peque\u00f1as y medianas empresas en la regi\u00f3n. \u00a0<\/span><\/p>\n<p class=\"yiv5850199923MsoNormal\"><span class=\"yiv5850199923ContentPasted0\" lang=\"ES\">Por otro lado, la Billetera Santa Cruz es un programa de beneficios dispuesto por la Provincia.\u00a0<b><i class=\"yiv5850199923ContentPasted0\">\u201cEsta billetera virtual, que estar\u00e1 disponible a partir del 30 de mayo, permitir\u00e1 a los consumidores recuperar el 30% de sus compras al d\u00eda siguiente, en forma de dinero directo. Este sistema representa un alivio econ\u00f3mico significativo para las familias caletenses, ya que el tope m\u00e1ximo de devoluci\u00f3n mensual puede alcanzar los $7.500, dependiendo del grupo familiar. Adem\u00e1s de aliviar el bolsillo de los ciudadanos, la Billetera Santa Cruz busca impulsar el comercio local, especialmente los comercios de cercan\u00eda\u201d,<\/i><\/b>\u00a0explic\u00f3 Sasso. \u00a0<\/span><\/p>\n<p class=\"yiv5850199923MsoNormal\"><b><span class=\"yiv5850199923ContentPasted0\" lang=\"ES\">Estimulando el desarrollo econ\u00f3mico local \u00a0<\/span><\/b><\/p>\n<p class=\"yiv5850199923MsoNormal\"><span class=\"yiv5850199923ContentPasted0\" lang=\"ES\">Durante la presentaci\u00f3n, la titular de la cartera productiva expres\u00f3 su\u00a0<b><i class=\"yiv5850199923ContentPasted0\">\u201cagradecimiento por las pol\u00edticas provinciales que se est\u00e1n implementando en la regi\u00f3n\u201d.\u00a0<\/i><\/b>Destac\u00f3 la importancia de la<b><i class=\"yiv5850199923ContentPasted0\">\u00a0\u201carticulaci\u00f3n entre el municipio y la provincia para brindar las pol\u00edticas necesarias que satisfagan las necesidades de la comunidad\u201d.<\/i><\/b>\u00a0Sasso, a su vez, hizo hincapi\u00e9 en\u00a0<b><i class=\"yiv5850199923ContentPasted0\">\u201cel compromiso del intendente, Fernando Cotillo para que Caleta Olivia sea una ventanilla para territorializar y materializar estas propuestas, beneficiando as\u00ed a los ciudadanos y estimulando el desarrollo econ\u00f3mico local\u201d.<\/i><\/b>\u00a0\u00a0<\/span><\/p>\n<p class=\"yiv5850199923MsoNormal\"><span class=\"yiv5850199923ContentPasted0\" lang=\"ES\">La adhesi\u00f3n a la Billetera Santa Cruz es sencilla y puede realizarse a trav\u00e9s de la p\u00e1gina del Banco Santa Cruz, el Ministerio de Producci\u00f3n o con el apoyo del municipio, que acompa\u00f1ar\u00e1 a los comerciantes y emprendedores en todo el proceso.\u00a0<b><i class=\"yiv5850199923ContentPasted0\">\u201cEste programa no solo alivia el bolsillo de los caletenses, sino que tambi\u00e9n estimula el crecimiento de los comercios locales y fomenta el consumo en los establecimientos de cercan\u00eda\u201d,<\/i><\/b>\u00a0recalc\u00f3. \u00a0<\/span><\/p>\n<p class=\"yiv5850199923MsoNormal\"><b><i><span class=\"yiv5850199923ContentPasted0\" lang=\"ES\"><span class=\"yiv5850199923ContentPasted0\">\u00a0<\/span>\u201cPor su parte, el Plan Santa Cruz Crece se presenta como una propuesta integral para aquellos que sue\u00f1an con abrir un comercio o una PYME\u201d,<\/span><\/i><\/b><span class=\"yiv5850199923ContentPasted0\" lang=\"ES\">\u00a0rese\u00f1\u00f3 Sasso. \u00a0<\/span><\/p>\n<p class=\"yiv5850199923MsoNormal\"><b><i><span class=\"yiv5850199923ContentPasted0\" lang=\"ES\"><span class=\"yiv5850199923ContentPasted0\">\u00a0<\/span>\u201cDurante el primer a\u00f1o, este plan brinda la eximici\u00f3n de los impuestos de ingresos brutos y acompa\u00f1a la contrataci\u00f3n de personal con el salario vital y m\u00f3vil, promoviendo as\u00ed el surgimiento y desarrollo de nuevos emprendimientos\u201d<\/span><\/i><\/b><span class=\"yiv5850199923ContentPasted0\" lang=\"ES\">, dijo. Adem\u00e1s, record\u00f3 que est\u00e1 el compromiso de la gesti\u00f3n actual comunal de\u00a0<b><i class=\"yiv5850199923ContentPasted0\">\u201cpromover la exhibici\u00f3n en los derechos de habilitaci\u00f3n para los comercios liderados por mujeres, en l\u00ednea con el empoderamiento femenino y la promoci\u00f3n del trabajo independiente\u201d. \u00a0<\/i><\/b><\/span><\/p>\n<p class=\"yiv5850199923MsoNormal\"><span class=\"yiv5850199923ContentPasted0\" lang=\"ES\">Sasso destac\u00f3 los programas que se gestionan desde la Secretar\u00eda de Producci\u00f3n del municipio de Caleta Olivia y el Ministerio de Trabajo de la Naci\u00f3n. Los mismos permiten a los comerciantes generar empleo y contar con el respaldo del Estado para solventar los costos salariales durante el primer a\u00f1o de actividad. Esta asistencia brinda la oportunidad de evaluar y fortalecer las l\u00edneas productivas antes de asumir la responsabilidad total del salario del personal. \u00a0<\/span><\/p>\n<p class=\"yiv5850199923MsoNormal\"><span class=\"yiv5850199923ContentPasted0\" lang=\"ES\">Finalmente, la Ministra de Igualdad tambi\u00e9n hizo hincapi\u00e9 en la importancia de estas tres herramientas presentadas en el evento. Resalt\u00f3 la Billetera Santa Cruz,\u00a0<b><i class=\"yiv5850199923ContentPasted0\">\u201cque brinda reintegros a las compras diarias o mensuales realizadas por las familias\u201d.<\/i><\/b>\u00a0\u00a0<\/span><\/p>\n<p class=\"yiv5850199923MsoNormal\"><span class=\"yiv5850199923ContentPasted0\" lang=\"ES\">Adem\u00e1s, Agostina Mora destac\u00f3 el programa Santa Cruz Crece<b><i class=\"yiv5850199923ContentPasted0\">, \u201cel cual tiene como uno de los objetivos promover la inserci\u00f3n laboral de las mujeres y diversidades\u201d.<\/i><\/b>\u00a0\u00a0<\/span><\/p>\n<p class=\"yiv5850199923MsoNormal\"><b><i><span class=\"yiv5850199923ContentPasted0\" lang=\"ES\">\u201cDesde el Ministerio de Igualdad se ha lanzado un registro de promoci\u00f3n laboral para personas trans en Santa Cruz, con el fin de conocer sus perfiles y aspiraciones laborales. Esto permitir\u00e1 dise\u00f1ar pol\u00edticas p\u00fablicas que vinculen los deseos de las personas trans con las necesidades empresariales, generando as\u00ed instancias de promoci\u00f3n laboral\u201d,<\/span><\/i><\/b><span class=\"yiv5850199923ContentPasted0\" lang=\"ES\">\u00a0dijo la funcionaria de la Provincia. \u00a0<\/span><\/p>\n","protected":false},"excerpt":{"rendered":"<p>En un importante encuentro celebrado este lunes en el SUM del Centro Cultural de Caleta Olivia, funcionarios provinciales y municipales<\/p>\n","protected":false},"author":8,"featured_media":1461,"comment_status":"open","ping_status":"closed","sticky":false,"template":"","format":"standard","meta":{"footnotes":""},"categories":[87],"tags":[],"class_list":["post-1456","post","type-post","status-publish","format-standard","has-post-thumbnail","hentry","category-provinciales"],"_links":{"self":[{"href":"https:\/\/ecosdelsur.com\/index.php?rest_route=\/wp\/v2\/posts\/1456","targetHints":{"allow":["GET"]}}],"collection":[{"href":"https:\/\/ecosdelsur.com\/index.php?rest_route=\/wp\/v2\/posts"}],"about":[{"href":"https:\/\/ecosdelsur.com\/index.php?rest_route=\/wp\/v2\/types\/post"}],"author":[{"embeddable":true,"href":"https:\/\/ecosdelsur.com\/index.php?rest_route=\/wp\/v2\/users\/8"}],"replies":[{"embeddable":true,"href":"https:\/\/ecosdelsur.com\/index.php?rest_route=%2Fwp%2Fv2%2Fcomments&post=1456"}],"version-history":[{"count":0,"href":"https:\/\/ecosdelsur.com\/index.php?rest_route=\/wp\/v2\/posts\/1456\/revisions"}],"wp:featuredmedia":[{"embeddable":true,"href":"https:\/\/ecosdelsur.com\/index.php?rest_route=\/wp\/v2\/media\/1461"}],"wp:attachment":[{"href":"https:\/\/ecosdelsur.com\/index.php?rest_route=%2Fwp%2Fv2%2Fmedia&parent=1456"}],"wp:term":[{"taxonomy":"category","embeddable":true,"href":"https:\/\/ecosdelsur.com\/index.php?rest_route=%2Fwp%2Fv2%2Fcategories&post=1456"},{"taxonomy":"post_tag","embeddable":true,"href":"https:\/\/ecosdelsur.com\/index.php?rest_route=%2Fwp%2Fv2%2Ftags&post=1456"}],"curies":[{"name":"wp","href":"https:\/\/api.w.org\/{rel}","templated":true}]}}