{"id":1445,"date":"2023-05-16T23:53:11","date_gmt":"2023-05-16T23:53:11","guid":{"rendered":"https:\/\/ecosdelsur.com\/?p=1445"},"modified":"2023-05-16T23:53:16","modified_gmt":"2023-05-16T23:53:16","slug":"caleta-olivia-resalto-el-proyecto-ciudad-de-ballenas-en-la-14-reunion-del-consejo-provincial-de-turismo","status":"publish","type":"post","link":"https:\/\/ecosdelsur.com\/?p=1445","title":{"rendered":"Caleta Olivia resalt\u00f3 el proyecto \u201cCiudad de Ballenas\u201d en la 14\u00b0 reuni\u00f3n del Consejo Provincial de Turismo"},"content":{"rendered":"<p><img decoding=\"async\" class=\"aligncenter wp-image-1447 size-full lazyload\" data-src=\"https:\/\/ecosdelsur.com\/wp-content\/uploads\/2023\/05\/Consejo-Los-Antiguos.jpg\" alt=\"\" width=\"640\" height=\"375\" data-srcset=\"https:\/\/ecosdelsur.com\/wp-content\/uploads\/2023\/05\/Consejo-Los-Antiguos.jpg 640w, https:\/\/ecosdelsur.com\/wp-content\/uploads\/2023\/05\/Consejo-Los-Antiguos-300x176.jpg 300w\" data-sizes=\"(max-width: 640px) 100vw, 640px\" src=\"data:image\/svg+xml;base64,PHN2ZyB3aWR0aD0iMSIgaGVpZ2h0PSIxIiB4bWxucz0iaHR0cDovL3d3dy53My5vcmcvMjAwMC9zdmciPjwvc3ZnPg==\" style=\"--smush-placeholder-width: 640px; --smush-placeholder-aspect-ratio: 640\/375;\" \/><\/p>\n<p>&nbsp;<\/p>\n<p>El c\u00f3nclave se desarroll\u00f3 durante los d\u00edas 11 y 12 de mayo en la localidad de los Antiguos, donde participaron las Direcciones y Secretar\u00edas de Turismo de Santa Cruz.<\/p>\n<p>En el particular caso de Caleta Olivia se destac\u00f3 la participaci\u00f3n de Carla Balochi, directora de Turismo, por su exposici\u00f3n en la que dio a conocer las diversas acciones que el \u00e1rea viene implementando para el crecimiento del turismo local, pero tambi\u00e9n resalt\u00f3 el potencial desarrollo del producto tur\u00edstico \u201cCaleta Olivia, Ciudad de las Ballenas\u201d que se viene trabajando desde el a\u00f1o 2021.<\/p>\n<p>Por otro lado, Sandra D\u00edaz, secretaria de Cultura, Deportes, Turismo y Juventud, fue la encargada de brindar informaci\u00f3n sobre las refacciones que se est\u00e1n llevando adelante en el Monumento al Obrero Petrolero, El Gorosito, como as\u00ed tambi\u00e9n, de la fabricaci\u00f3n del vino espumante \u201cDel Golfo\u201d, que se present\u00f3 el a\u00f1o pasado en el mes de diciembre, como el ejemplar m\u00e1s austral.<\/p>\n<p>Finalmente, se acord\u00f3 que los pr\u00f3ximos encuentros entre los entes tur\u00edsticos se desarrollar\u00e1n el Foro Nacional de Turismo en la ciudad de Ushuaia el 22 y 23 de mayo y la Feria Internacional del Turismo (FIT) en Buenos Aires en de septiembre pr\u00f3ximo.<\/p>\n","protected":false},"excerpt":{"rendered":"<p>&nbsp; El c\u00f3nclave se desarroll\u00f3 durante los d\u00edas 11 y 12 de mayo en la localidad de los Antiguos, donde<\/p>\n","protected":false},"author":8,"featured_media":1446,"comment_status":"open","ping_status":"closed","sticky":false,"template":"","format":"standard","meta":{"footnotes":""},"categories":[35],"tags":[],"class_list":["post-1445","post","type-post","status-publish","format-standard","has-post-thumbnail","hentry","category-sociedad"],"_links":{"self":[{"href":"https:\/\/ecosdelsur.com\/index.php?rest_route=\/wp\/v2\/posts\/1445","targetHints":{"allow":["GET"]}}],"collection":[{"href":"https:\/\/ecosdelsur.com\/index.php?rest_route=\/wp\/v2\/posts"}],"about":[{"href":"https:\/\/ecosdelsur.com\/index.php?rest_route=\/wp\/v2\/types\/post"}],"author":[{"embeddable":true,"href":"https:\/\/ecosdelsur.com\/index.php?rest_route=\/wp\/v2\/users\/8"}],"replies":[{"embeddable":true,"href":"https:\/\/ecosdelsur.com\/index.php?rest_route=%2Fwp%2Fv2%2Fcomments&post=1445"}],"version-history":[{"count":0,"href":"https:\/\/ecosdelsur.com\/index.php?rest_route=\/wp\/v2\/posts\/1445\/revisions"}],"wp:featuredmedia":[{"embeddable":true,"href":"https:\/\/ecosdelsur.com\/index.php?rest_route=\/wp\/v2\/media\/1446"}],"wp:attachment":[{"href":"https:\/\/ecosdelsur.com\/index.php?rest_route=%2Fwp%2Fv2%2Fmedia&parent=1445"}],"wp:term":[{"taxonomy":"category","embeddable":true,"href":"https:\/\/ecosdelsur.com\/index.php?rest_route=%2Fwp%2Fv2%2Fcategories&post=1445"},{"taxonomy":"post_tag","embeddable":true,"href":"https:\/\/ecosdelsur.com\/index.php?rest_route=%2Fwp%2Fv2%2Ftags&post=1445"}],"curies":[{"name":"wp","href":"https:\/\/api.w.org\/{rel}","templated":true}]}}