{"id":1434,"date":"2023-05-16T05:49:45","date_gmt":"2023-05-16T05:49:45","guid":{"rendered":"https:\/\/ecosdelsur.com\/?p=1434"},"modified":"2023-05-16T05:49:45","modified_gmt":"2023-05-16T05:49:45","slug":"costa-santa-cruz-necesita-que-estemos-todos-juntos-para-cambiar-el-modelo","status":"publish","type":"post","link":"https:\/\/ecosdelsur.com\/?p=1434","title":{"rendered":"\u00a0Costa: &#8220;Santa Cruz necesita que estemos todos juntos para cambiar el modelo&#8221;"},"content":{"rendered":"<p>Desde la UCR, Eduardo Costa apuesta al acuerdo para cambiar la realidad de Santa Cruz e impulsa una f\u00f3rmula encabezada por Roxana Reyes como candidata a Gobernadora.<\/p>\n<p>&#8220;Vamos por un gran acuerdo en Santa Cruz para terminar con el Modelo K que ha dejado la provincia sin trabajo, sin desarrollo, sin salud y sin oportunidades para los j\u00f3venes\u201d, manifest\u00f3 en una nota radial de esta ma\u00f1ana.<\/p>\n<p>Eduardo Costa remarc\u00f3 que el acuerdo debe ser encabezado por la UCR que, dentro de Cambia Santa Cruz, lidera la oposici\u00f3n en la provincia desde hace mucho tiempo y fue la ganadora de las \u00faltimas elecciones.<\/p>\n<p>En este sentido dijo que hoy la f\u00f3rmula del acuerdo es la \u00fanica que puede sacar adelante la provincia, y explic\u00f3 que Reyes tuvo 37 puntos en la \u00faltima elecci\u00f3n, y Claudio Vidal obtuvo 27 puntos en la Provincia, lo que hace que, de efectivizarse este acuerdo, sumar\u00edan aproximadamente 64 puntos, asegurando el triunfo del cambio en Santa Cruz.<\/p>\n<p>\u201cNo es el momento de los egos sino el momento de ponernos de acuerdo para asegurar un proceso de cambio y transformaci\u00f3n y empezar a trabajar todos juntos por un mismo objetivo. La sociedad est\u00e1 en un momento de crisis, de tristeza y de dolor y si la respuesta para cambiar el modelo es ir con Vidal, claro que lo vamos a hacer porque el objetivo es llevar alivio y brindar la posibilidad de salir de un modelo de estancamiento\u201d, destac\u00f3 Costa.<\/p>\n<p>&nbsp;<\/p>\n<p>\u201cEstoy seguro de que podemos gobernar si estamos dispuestos a trabajar todos juntos en un marco de respeto y compromiso para cambiar la realidad de todos los santacruce\u00f1os\u201d, dijo al tiempo que pidi\u00f3 ampliar el Frente Opositor para dar el salto y gobernar Santa Cruz.<\/p>\n<p>&nbsp;<\/p>\n","protected":false},"excerpt":{"rendered":"<p>Desde la UCR, Eduardo Costa apuesta al acuerdo para cambiar la realidad de Santa Cruz e impulsa una f\u00f3rmula encabezada<\/p>\n","protected":false},"author":8,"featured_media":1435,"comment_status":"open","ping_status":"closed","sticky":false,"template":"","format":"standard","meta":{"footnotes":""},"categories":[33],"tags":[],"class_list":["post-1434","post","type-post","status-publish","format-standard","has-post-thumbnail","hentry","category-politica"],"_links":{"self":[{"href":"https:\/\/ecosdelsur.com\/index.php?rest_route=\/wp\/v2\/posts\/1434","targetHints":{"allow":["GET"]}}],"collection":[{"href":"https:\/\/ecosdelsur.com\/index.php?rest_route=\/wp\/v2\/posts"}],"about":[{"href":"https:\/\/ecosdelsur.com\/index.php?rest_route=\/wp\/v2\/types\/post"}],"author":[{"embeddable":true,"href":"https:\/\/ecosdelsur.com\/index.php?rest_route=\/wp\/v2\/users\/8"}],"replies":[{"embeddable":true,"href":"https:\/\/ecosdelsur.com\/index.php?rest_route=%2Fwp%2Fv2%2Fcomments&post=1434"}],"version-history":[{"count":0,"href":"https:\/\/ecosdelsur.com\/index.php?rest_route=\/wp\/v2\/posts\/1434\/revisions"}],"wp:featuredmedia":[{"embeddable":true,"href":"https:\/\/ecosdelsur.com\/index.php?rest_route=\/wp\/v2\/media\/1435"}],"wp:attachment":[{"href":"https:\/\/ecosdelsur.com\/index.php?rest_route=%2Fwp%2Fv2%2Fmedia&parent=1434"}],"wp:term":[{"taxonomy":"category","embeddable":true,"href":"https:\/\/ecosdelsur.com\/index.php?rest_route=%2Fwp%2Fv2%2Fcategories&post=1434"},{"taxonomy":"post_tag","embeddable":true,"href":"https:\/\/ecosdelsur.com\/index.php?rest_route=%2Fwp%2Fv2%2Ftags&post=1434"}],"curies":[{"name":"wp","href":"https:\/\/api.w.org\/{rel}","templated":true}]}}