{"id":1426,"date":"2023-05-16T05:44:17","date_gmt":"2023-05-16T05:44:17","guid":{"rendered":"https:\/\/ecosdelsur.com\/?p=1426"},"modified":"2023-05-16T05:45:35","modified_gmt":"2023-05-16T05:45:35","slug":"reciclaton-el-municipio-busca-sensibilizar-acerca-de-la-importancia-de-convertir-los-residuos-en-recursos","status":"publish","type":"post","link":"https:\/\/ecosdelsur.com\/?p=1426","title":{"rendered":"Reciclat\u00f3n: El Municipio busca sensibilizar acerca de la importancia de convertir los residuos en recursos \u00a0"},"content":{"rendered":"<p class=\"yiv2026175220MsoNormal\"><span class=\"yiv2026175220ContentPasted0\"><img decoding=\"async\" class=\"alignnone size-medium wp-image-1427 lazyload\" data-src=\"https:\/\/ecosdelsur.com\/wp-content\/uploads\/2023\/05\/Charla-261x300.jpeg\" alt=\"\" width=\"261\" height=\"300\" data-srcset=\"https:\/\/ecosdelsur.com\/wp-content\/uploads\/2023\/05\/Charla-261x300.jpeg 261w, https:\/\/ecosdelsur.com\/wp-content\/uploads\/2023\/05\/Charla.jpeg 417w\" data-sizes=\"(max-width: 261px) 100vw, 261px\" src=\"data:image\/svg+xml;base64,PHN2ZyB3aWR0aD0iMSIgaGVpZ2h0PSIxIiB4bWxucz0iaHR0cDovL3d3dy53My5vcmcvMjAwMC9zdmciPjwvc3ZnPg==\" style=\"--smush-placeholder-width: 261px; --smush-placeholder-aspect-ratio: 261\/300;\" \/> <img decoding=\"async\" class=\"alignnone size-medium wp-image-1428 lazyload\" data-src=\"https:\/\/ecosdelsur.com\/wp-content\/uploads\/2023\/05\/Punto-Verde-1-264x300.jpeg\" alt=\"\" width=\"264\" height=\"300\" data-srcset=\"https:\/\/ecosdelsur.com\/wp-content\/uploads\/2023\/05\/Punto-Verde-1-264x300.jpeg 264w, https:\/\/ecosdelsur.com\/wp-content\/uploads\/2023\/05\/Punto-Verde-1.jpeg 422w\" data-sizes=\"(max-width: 264px) 100vw, 264px\" src=\"data:image\/svg+xml;base64,PHN2ZyB3aWR0aD0iMSIgaGVpZ2h0PSIxIiB4bWxucz0iaHR0cDovL3d3dy53My5vcmcvMjAwMC9zdmciPjwvc3ZnPg==\" style=\"--smush-placeholder-width: 264px; --smush-placeholder-aspect-ratio: 264\/300;\" \/> <img decoding=\"async\" class=\"alignnone size-medium wp-image-1429 lazyload\" data-src=\"https:\/\/ecosdelsur.com\/wp-content\/uploads\/2023\/05\/Punto-Verde-264x300.jpeg\" alt=\"\" width=\"264\" height=\"300\" data-srcset=\"https:\/\/ecosdelsur.com\/wp-content\/uploads\/2023\/05\/Punto-Verde-264x300.jpeg 264w, https:\/\/ecosdelsur.com\/wp-content\/uploads\/2023\/05\/Punto-Verde.jpeg 422w\" data-sizes=\"(max-width: 264px) 100vw, 264px\" src=\"data:image\/svg+xml;base64,PHN2ZyB3aWR0aD0iMSIgaGVpZ2h0PSIxIiB4bWxucz0iaHR0cDovL3d3dy53My5vcmcvMjAwMC9zdmciPjwvc3ZnPg==\" style=\"--smush-placeholder-width: 264px; --smush-placeholder-aspect-ratio: 264\/300;\" \/>En el marco del mes del reciclaje, la Secretar\u00eda de Ambiente y Desarrollo Sostenible, desplegar\u00e1 del 16 al 24 de mayo, diversas propuestas destinadas a toda la comunidad con el objetivo generar conciencia sobre el valor del consumo responsable y la separaci\u00f3n en origen. \u00a0<\/span><\/p>\n<p class=\"yiv2026175220MsoNormal\"><span class=\"yiv2026175220ContentPasted0\">Actualmente, en Caleta Olivia el manejo actual de los residuos solo contempla la recolecci\u00f3n y disposici\u00f3n final de los mismos. Por tal raz\u00f3n, esta iniciativa se crea para lograr un mayor aprovechamiento de \u00e9stos a nivel domiciliario y as\u00ed convertirlos en un recurso \u00fatil y valioso. \u00a0<\/span><\/p>\n<p class=\"yiv2026175220MsoNormal\"><b><span class=\"yiv2026175220ContentPasted0\">D\u00eda Mundial del Reciclaje \u00a0<\/span><\/b><\/p>\n<p class=\"yiv2026175220MsoNormal\"><b>\u00a0<\/b><\/p>\n<p class=\"yiv2026175220MsoNormal\"><span class=\"yiv2026175220ContentPasted0\">El 17 de mayo fue declarado por la UNESCO el D\u00eda Mundial del Reciclaje, esta fecha tiene como fin promover el reciclaje y el respeto por el ambiente. Es por ello que, desde el Municipio, mediante la cartera comunal de Ambiente, organiz\u00f3 la semana del reciclaje que prev\u00e9 una serie de actividades que incluyen presentaciones, Taller de Compost, Taller de Reciclado, la Expo Jardines Maternales y a modo de cierre, el Foro de Recuperadores y Medianos Generadores. \u00a0<\/span><\/p>\n<p class=\"yiv2026175220MsoNormal\"><span class=\"yiv2026175220ContentPasted0\">Previo a lanzar este completo cronograma, el \u00e1rea ambiental llev\u00f3 a cabo un estudio de caracterizaci\u00f3n de los desechos que se generan en la ciudad. A partir de all\u00ed, es que, con esta semana del reciclado, ser\u00e1 \u00fatil para ir habituando a los ciudadanos a iniciar una transici\u00f3n hacia un sistema de recolecci\u00f3n diferenciado que permita recuperar los residuos y lleguen a la Planta de Clasificaci\u00f3n para ser aprovechados. \u00a0<\/span><\/p>\n<p class=\"yiv2026175220MsoNormal\"><b>\u00a0<\/b><\/p>\n<p class=\"yiv2026175220MsoNormal\"><b><span class=\"yiv2026175220ContentPasted0\">Invitaci\u00f3n a la comunidad \u00a0<\/span><\/b><\/p>\n<p class=\"yiv2026175220MsoNormal\"><span class=\"yiv2026175220ContentPasted0\">Puntualmente, sobre la propuesta del mi\u00e9rcoles 17, se invita\u00a0a los vecinos al pie del Monumento El Gorosito, donde se encontrar\u00e1 el Punto Verde M\u00f3vil para recibir all\u00ed material reciclable durante toda la jornada. Tales art\u00edculos deber\u00e1n entregarse limpios y secos, solicitaron desde la Secretar\u00eda. \u00a0<\/span><\/p>\n<p class=\"yiv2026175220MsoNormal\"><span class=\"yiv2026175220ContentPasted0\">Con estas acciones, el Municipio de Caleta Olivia sigue trabajando, como desde el inicio de esta Gesti\u00f3n, por una\u00a0ciudad que implemente estrategias y \u201cnuevos h\u00e1bitos\u201d que puedan adoptar\u00a0los vecinos en pos del cuidado ambiental. \u00a0<\/span><\/p>\n<p class=\"yiv2026175220MsoNormal\">\n","protected":false},"excerpt":{"rendered":"<p>En el marco del mes del reciclaje, la Secretar\u00eda de Ambiente y Desarrollo Sostenible, desplegar\u00e1 del 16 al 24 de<\/p>\n","protected":false},"author":8,"featured_media":1430,"comment_status":"open","ping_status":"closed","sticky":false,"template":"","format":"standard","meta":{"footnotes":""},"categories":[40],"tags":[],"class_list":["post-1426","post","type-post","status-publish","format-standard","has-post-thumbnail","hentry","category-municipales"],"_links":{"self":[{"href":"https:\/\/ecosdelsur.com\/index.php?rest_route=\/wp\/v2\/posts\/1426","targetHints":{"allow":["GET"]}}],"collection":[{"href":"https:\/\/ecosdelsur.com\/index.php?rest_route=\/wp\/v2\/posts"}],"about":[{"href":"https:\/\/ecosdelsur.com\/index.php?rest_route=\/wp\/v2\/types\/post"}],"author":[{"embeddable":true,"href":"https:\/\/ecosdelsur.com\/index.php?rest_route=\/wp\/v2\/users\/8"}],"replies":[{"embeddable":true,"href":"https:\/\/ecosdelsur.com\/index.php?rest_route=%2Fwp%2Fv2%2Fcomments&post=1426"}],"version-history":[{"count":0,"href":"https:\/\/ecosdelsur.com\/index.php?rest_route=\/wp\/v2\/posts\/1426\/revisions"}],"wp:featuredmedia":[{"embeddable":true,"href":"https:\/\/ecosdelsur.com\/index.php?rest_route=\/wp\/v2\/media\/1430"}],"wp:attachment":[{"href":"https:\/\/ecosdelsur.com\/index.php?rest_route=%2Fwp%2Fv2%2Fmedia&parent=1426"}],"wp:term":[{"taxonomy":"category","embeddable":true,"href":"https:\/\/ecosdelsur.com\/index.php?rest_route=%2Fwp%2Fv2%2Fcategories&post=1426"},{"taxonomy":"post_tag","embeddable":true,"href":"https:\/\/ecosdelsur.com\/index.php?rest_route=%2Fwp%2Fv2%2Ftags&post=1426"}],"curies":[{"name":"wp","href":"https:\/\/api.w.org\/{rel}","templated":true}]}}