{"id":1408,"date":"2023-05-16T05:15:34","date_gmt":"2023-05-16T05:15:34","guid":{"rendered":"https:\/\/ecosdelsur.com\/?p=1408"},"modified":"2023-05-16T05:27:12","modified_gmt":"2023-05-16T05:27:12","slug":"mas-cerca-con-espacios-culturales-recreativos-y-deportivos-cerro-el-en-el-cij-3-de-febrero","status":"publish","type":"post","link":"https:\/\/ecosdelsur.com\/?p=1408","title":{"rendered":"M\u00e1s Cerca: Con espacios culturales, recreativos y deportivos cerr\u00f3 el en el CIJ 3 de Febrero \u00a0"},"content":{"rendered":"<div class=\"yiv1287082638elementToProof\">\n<p class=\"yiv1287082638MsoNormal\"><i><span class=\"yiv1287082638ContentPasted0\">Con una gran convocatoria de vecinos, culmin\u00f3 la nueva edici\u00f3n del programa M\u00e1s Cerca en el Centro Integrador Juvenil del 3 de Febrero, en el que se pudo disfrutar de show musicales, danza, juegos deportivos y recreativos. \u00a0<\/span><\/i><\/p>\n<p class=\"yiv1287082638MsoNormal\"><span class=\"yiv1287082638ContentPasted0\"><img decoding=\"async\" class=\"alignnone size-medium wp-image-1410 lazyload\" data-src=\"https:\/\/ecosdelsur.com\/wp-content\/uploads\/2023\/05\/Arma-tu-Cancha-2-300x200.jpeg\" alt=\"\" width=\"300\" height=\"200\" data-srcset=\"https:\/\/ecosdelsur.com\/wp-content\/uploads\/2023\/05\/Arma-tu-Cancha-2-300x200.jpeg 300w, https:\/\/ecosdelsur.com\/wp-content\/uploads\/2023\/05\/Arma-tu-Cancha-2.jpeg 640w\" data-sizes=\"(max-width: 300px) 100vw, 300px\" src=\"data:image\/svg+xml;base64,PHN2ZyB3aWR0aD0iMSIgaGVpZ2h0PSIxIiB4bWxucz0iaHR0cDovL3d3dy53My5vcmcvMjAwMC9zdmciPjwvc3ZnPg==\" style=\"--smush-placeholder-width: 300px; --smush-placeholder-aspect-ratio: 300\/200;\" \/> <img decoding=\"async\" class=\"alignnone size-medium wp-image-1411 lazyload\" data-src=\"https:\/\/ecosdelsur.com\/wp-content\/uploads\/2023\/05\/Arma-tu-Cancha-final-300x195.jpeg\" alt=\"\" width=\"300\" height=\"195\" data-srcset=\"https:\/\/ecosdelsur.com\/wp-content\/uploads\/2023\/05\/Arma-tu-Cancha-final-300x195.jpeg 300w, https:\/\/ecosdelsur.com\/wp-content\/uploads\/2023\/05\/Arma-tu-Cancha-final.jpeg 640w\" data-sizes=\"(max-width: 300px) 100vw, 300px\" src=\"data:image\/svg+xml;base64,PHN2ZyB3aWR0aD0iMSIgaGVpZ2h0PSIxIiB4bWxucz0iaHR0cDovL3d3dy53My5vcmcvMjAwMC9zdmciPjwvc3ZnPg==\" style=\"--smush-placeholder-width: 300px; --smush-placeholder-aspect-ratio: 300\/195;\" \/> <img decoding=\"async\" class=\"alignnone size-medium wp-image-1412 lazyload\" data-src=\"https:\/\/ecosdelsur.com\/wp-content\/uploads\/2023\/05\/Arma-tu-Cancha-300x182.jpeg\" alt=\"\" width=\"300\" height=\"182\" data-srcset=\"https:\/\/ecosdelsur.com\/wp-content\/uploads\/2023\/05\/Arma-tu-Cancha-300x182.jpeg 300w, https:\/\/ecosdelsur.com\/wp-content\/uploads\/2023\/05\/Arma-tu-Cancha.jpeg 640w\" data-sizes=\"(max-width: 300px) 100vw, 300px\" src=\"data:image\/svg+xml;base64,PHN2ZyB3aWR0aD0iMSIgaGVpZ2h0PSIxIiB4bWxucz0iaHR0cDovL3d3dy53My5vcmcvMjAwMC9zdmciPjwvc3ZnPg==\" style=\"--smush-placeholder-width: 300px; --smush-placeholder-aspect-ratio: 300\/182;\" \/> <img decoding=\"async\" class=\"alignnone size-medium wp-image-1413 lazyload\" data-src=\"https:\/\/ecosdelsur.com\/wp-content\/uploads\/2023\/05\/Banda-300x163.jpeg\" alt=\"\" width=\"300\" height=\"163\" data-srcset=\"https:\/\/ecosdelsur.com\/wp-content\/uploads\/2023\/05\/Banda-300x163.jpeg 300w, https:\/\/ecosdelsur.com\/wp-content\/uploads\/2023\/05\/Banda.jpeg 640w\" data-sizes=\"(max-width: 300px) 100vw, 300px\" src=\"data:image\/svg+xml;base64,PHN2ZyB3aWR0aD0iMSIgaGVpZ2h0PSIxIiB4bWxucz0iaHR0cDovL3d3dy53My5vcmcvMjAwMC9zdmciPjwvc3ZnPg==\" style=\"--smush-placeholder-width: 300px; --smush-placeholder-aspect-ratio: 300\/163;\" \/> <img decoding=\"async\" class=\"alignnone size-medium wp-image-1414 lazyload\" data-src=\"https:\/\/ecosdelsur.com\/wp-content\/uploads\/2023\/05\/Cierre-Mas-Cerca--300x175.jpeg\" alt=\"\" width=\"300\" height=\"175\" data-srcset=\"https:\/\/ecosdelsur.com\/wp-content\/uploads\/2023\/05\/Cierre-Mas-Cerca--300x175.jpeg 300w, https:\/\/ecosdelsur.com\/wp-content\/uploads\/2023\/05\/Cierre-Mas-Cerca-.jpeg 640w\" data-sizes=\"(max-width: 300px) 100vw, 300px\" src=\"data:image\/svg+xml;base64,PHN2ZyB3aWR0aD0iMSIgaGVpZ2h0PSIxIiB4bWxucz0iaHR0cDovL3d3dy53My5vcmcvMjAwMC9zdmciPjwvc3ZnPg==\" style=\"--smush-placeholder-width: 300px; --smush-placeholder-aspect-ratio: 300\/175;\" \/>Se sum\u00f3 la nueva propuesta cultural y venta de productos frescos en las ediciones del programa \u201cM\u00e1s Cerca\u201d, que tiene como fin proponer un nuevo espacio a los productores, bandas locales, a j\u00f3venes que quieran mostrar su arte, a referentes barriales que deseen informar a la comunidad las actividades que llevan adelante durante todo el a\u00f1o. \u00a0<\/span><\/p>\n<p class=\"yiv1287082638MsoNormal\"><span class=\"yiv1287082638ContentPasted0\">En este marco, el secretario de Gobierno, Carlos Aparicio, remarc\u00f3:\u00a0<b><i class=\"yiv1287082638ContentPasted0\">\u201cEs importante brindar alternativas a los vecinos, y con la gran convocatoria que tuvimos esta semana en las pr\u00f3ximas ediciones seguiremos apostando a estos espacios recreativos, para los ni\u00f1os, j\u00f3venes y adultos de los barrios perif\u00e9ricos de la ciudad\u201d<\/i><\/b>. \u00a0<\/span><\/p>\n<p class=\"yiv1287082638MsoNormal\"><span class=\"yiv1287082638ContentPasted0\">Asimismo, adelant\u00f3 que todo el Gabinete se encuentra trabajando en las pr\u00f3ximas ediciones que se realizar\u00e1 en otro barrio perif\u00e9rico y zonas aleda\u00f1as, con la franja horaria vespertina, para seguir tomando las diferentes inquietudes que tengan los contribuyentes y accedan a diversas actividades que trascienden los tr\u00e1mites municipales. \u00a0<\/span><\/p>\n<p class=\"yiv1287082638MsoNormal\"><b><span class=\"yiv1287082638ContentPasted0\">El Estado en tu barrio \u00a0<\/span><\/b><\/p>\n<p class=\"yiv1287082638MsoNormal\"><b>\u00a0<\/b><\/p>\n<p class=\"yiv1287082638MsoNormal\"><span class=\"yiv1287082638ContentPasted0\">Desde la Subsecretar\u00eda de Planes y Programas, se unieron para sumar distintas alternativas para los ni\u00f1os, ni\u00f1as y adolescentes. \u00a0<\/span><\/p>\n<p class=\"yiv1287082638MsoNormal yiv1287082638elementToProof\"><span class=\"yiv1287082638ContentPasted0\">Brian Rodr\u00edguez Arag\u00f3n, encargado del \u00e1rea, coment\u00f3 que fue una semana de gran trabajo territorial junto a la Subsecretar\u00eda de Relaciones Institucionales, para llevar adelante el nuevo programa \u201cArm\u00e1 tu Cancha\u201d, en el que consta poner en relevancia los playones y canchas deportivas de cada barrio en la ciudad,\u00a0<b><i class=\"yiv1287082638ContentPasted0\">\u201cdialogamos con los referentes barriales, vecinos que disfrutan de los espacios para poder ponerlos en valor, escuchar demandas y trabajar en ellas\u201d,<\/i><\/b>\u00a0remarc\u00f3. \u00a0<\/span><\/p>\n<p class=\"yiv1287082638MsoNormal\"><span class=\"yiv1287082638ContentPasted0\">De la misma forma, Rodr\u00edguez celebr\u00f3 el trabajo mancomunado con las distintas \u00e1reas del municipio, en la que realizaron una labor territorial conociendo las realidades para poder crear m\u00e1s programas de contenci\u00f3n.\u00a0<b><i class=\"yiv1287082638ContentPasted0\">\u201cEstamos muy contentos con la gran participaci\u00f3n que tuvo el rinc\u00f3n de los ni\u00f1os, fue espacio en el que compartimos juegos did\u00e1cticos y de ayuda memoria, para pasar una tarde diferente con ellos, teniendo en cuenta que estos espacios hay que aprovecharlos como momentos para las juventudes y las infancias\u201d<\/i><\/b>, culmin\u00f3. \u00a0<\/span><\/p>\n<\/div>\n<div class=\"yiv1287082638elementToProof\"><\/div>\n","protected":false},"excerpt":{"rendered":"<p>Con una gran convocatoria de vecinos, culmin\u00f3 la nueva edici\u00f3n del programa M\u00e1s Cerca en el Centro Integrador Juvenil del<\/p>\n","protected":false},"author":8,"featured_media":1415,"comment_status":"open","ping_status":"closed","sticky":false,"template":"","format":"standard","meta":{"footnotes":""},"categories":[35],"tags":[],"class_list":["post-1408","post","type-post","status-publish","format-standard","has-post-thumbnail","hentry","category-sociedad"],"_links":{"self":[{"href":"https:\/\/ecosdelsur.com\/index.php?rest_route=\/wp\/v2\/posts\/1408","targetHints":{"allow":["GET"]}}],"collection":[{"href":"https:\/\/ecosdelsur.com\/index.php?rest_route=\/wp\/v2\/posts"}],"about":[{"href":"https:\/\/ecosdelsur.com\/index.php?rest_route=\/wp\/v2\/types\/post"}],"author":[{"embeddable":true,"href":"https:\/\/ecosdelsur.com\/index.php?rest_route=\/wp\/v2\/users\/8"}],"replies":[{"embeddable":true,"href":"https:\/\/ecosdelsur.com\/index.php?rest_route=%2Fwp%2Fv2%2Fcomments&post=1408"}],"version-history":[{"count":0,"href":"https:\/\/ecosdelsur.com\/index.php?rest_route=\/wp\/v2\/posts\/1408\/revisions"}],"wp:featuredmedia":[{"embeddable":true,"href":"https:\/\/ecosdelsur.com\/index.php?rest_route=\/wp\/v2\/media\/1415"}],"wp:attachment":[{"href":"https:\/\/ecosdelsur.com\/index.php?rest_route=%2Fwp%2Fv2%2Fmedia&parent=1408"}],"wp:term":[{"taxonomy":"category","embeddable":true,"href":"https:\/\/ecosdelsur.com\/index.php?rest_route=%2Fwp%2Fv2%2Fcategories&post=1408"},{"taxonomy":"post_tag","embeddable":true,"href":"https:\/\/ecosdelsur.com\/index.php?rest_route=%2Fwp%2Fv2%2Ftags&post=1408"}],"curies":[{"name":"wp","href":"https:\/\/api.w.org\/{rel}","templated":true}]}}