{"id":1397,"date":"2023-05-15T21:28:31","date_gmt":"2023-05-15T21:28:31","guid":{"rendered":"https:\/\/ecosdelsur.com\/?p=1397"},"modified":"2023-05-15T21:28:38","modified_gmt":"2023-05-15T21:28:38","slug":"volvio-el-automovilismo-a-pico-truncado-y-fue-una-fiesta-para-toda-la-familia","status":"publish","type":"post","link":"https:\/\/ecosdelsur.com\/?p=1397","title":{"rendered":"Volvi\u00f3 el automovilismo a Pico Truncado y fue una fiesta para toda la familia\u00a0"},"content":{"rendered":"<p><img decoding=\"async\" class=\"alignnone size-medium wp-image-1398 lazyload\" data-src=\"https:\/\/ecosdelsur.com\/wp-content\/uploads\/2023\/05\/autodromo-1-300x181.jpeg\" alt=\"\" width=\"300\" height=\"181\" data-srcset=\"https:\/\/ecosdelsur.com\/wp-content\/uploads\/2023\/05\/autodromo-1-300x181.jpeg 300w, https:\/\/ecosdelsur.com\/wp-content\/uploads\/2023\/05\/autodromo-1.jpeg 640w\" data-sizes=\"(max-width: 300px) 100vw, 300px\" src=\"data:image\/svg+xml;base64,PHN2ZyB3aWR0aD0iMSIgaGVpZ2h0PSIxIiB4bWxucz0iaHR0cDovL3d3dy53My5vcmcvMjAwMC9zdmciPjwvc3ZnPg==\" style=\"--smush-placeholder-width: 300px; --smush-placeholder-aspect-ratio: 300\/181;\" \/> <img decoding=\"async\" class=\"alignnone size-medium wp-image-1400 lazyload\" data-src=\"https:\/\/ecosdelsur.com\/wp-content\/uploads\/2023\/05\/autodromo-2-300x170.jpeg\" alt=\"\" width=\"300\" height=\"170\" data-srcset=\"https:\/\/ecosdelsur.com\/wp-content\/uploads\/2023\/05\/autodromo-2-300x170.jpeg 300w, https:\/\/ecosdelsur.com\/wp-content\/uploads\/2023\/05\/autodromo-2.jpeg 640w\" data-sizes=\"(max-width: 300px) 100vw, 300px\" src=\"data:image\/svg+xml;base64,PHN2ZyB3aWR0aD0iMSIgaGVpZ2h0PSIxIiB4bWxucz0iaHR0cDovL3d3dy53My5vcmcvMjAwMC9zdmciPjwvc3ZnPg==\" style=\"--smush-placeholder-width: 300px; --smush-placeholder-aspect-ratio: 300\/170;\" \/> <img decoding=\"async\" class=\"alignnone size-medium wp-image-1401 lazyload\" data-src=\"https:\/\/ecosdelsur.com\/wp-content\/uploads\/2023\/05\/autodromo-2-300x229.jpg\" alt=\"\" width=\"300\" height=\"229\" data-srcset=\"https:\/\/ecosdelsur.com\/wp-content\/uploads\/2023\/05\/autodromo-2-300x229.jpg 300w, https:\/\/ecosdelsur.com\/wp-content\/uploads\/2023\/05\/autodromo-2.jpg 630w\" data-sizes=\"(max-width: 300px) 100vw, 300px\" src=\"data:image\/svg+xml;base64,PHN2ZyB3aWR0aD0iMSIgaGVpZ2h0PSIxIiB4bWxucz0iaHR0cDovL3d3dy53My5vcmcvMjAwMC9zdmciPjwvc3ZnPg==\" style=\"--smush-placeholder-width: 300px; --smush-placeholder-aspect-ratio: 300\/229;\" \/> <img decoding=\"async\" class=\"alignnone size-medium wp-image-1402 lazyload\" data-src=\"https:\/\/ecosdelsur.com\/wp-content\/uploads\/2023\/05\/autodromo-3-300x177.jpeg\" alt=\"\" width=\"300\" height=\"177\" data-srcset=\"https:\/\/ecosdelsur.com\/wp-content\/uploads\/2023\/05\/autodromo-3-300x177.jpeg 300w, https:\/\/ecosdelsur.com\/wp-content\/uploads\/2023\/05\/autodromo-3.jpeg 640w\" data-sizes=\"(max-width: 300px) 100vw, 300px\" src=\"data:image\/svg+xml;base64,PHN2ZyB3aWR0aD0iMSIgaGVpZ2h0PSIxIiB4bWxucz0iaHR0cDovL3d3dy53My5vcmcvMjAwMC9zdmciPjwvc3ZnPg==\" style=\"--smush-placeholder-width: 300px; --smush-placeholder-aspect-ratio: 300\/177;\" \/> <img decoding=\"async\" class=\"alignnone size-medium wp-image-1403 lazyload\" data-src=\"https:\/\/ecosdelsur.com\/wp-content\/uploads\/2023\/05\/autodromo-300x177.jpg\" alt=\"\" width=\"300\" height=\"177\" data-srcset=\"https:\/\/ecosdelsur.com\/wp-content\/uploads\/2023\/05\/autodromo-300x177.jpg 300w, https:\/\/ecosdelsur.com\/wp-content\/uploads\/2023\/05\/autodromo.jpg 640w\" data-sizes=\"(max-width: 300px) 100vw, 300px\" src=\"data:image\/svg+xml;base64,PHN2ZyB3aWR0aD0iMSIgaGVpZ2h0PSIxIiB4bWxucz0iaHR0cDovL3d3dy53My5vcmcvMjAwMC9zdmciPjwvc3ZnPg==\" style=\"--smush-placeholder-width: 300px; --smush-placeholder-aspect-ratio: 300\/177;\" \/>Este fin de semana se dio la tan ansiada vuelta de la competici\u00f3n a nuestra ciudad y se vivi\u00f3 con much\u00edsima alegr\u00eda entre toda la gente que se acerc\u00f3 al \u201cTom\u00e1s Bevilacqua\u201d a disfrutar. Con un marco de p\u00fablico que super\u00f3 ampliamente los 3 mil espectadores, se realiz\u00f3 el acto de apertura que cont\u00f3 con la participaci\u00f3n del intendente Osvaldo Maim\u00f3, el Vicegobernador, Eugenio Quiroga, el Diputado Nacional, Gustavo Gonz\u00e1lez, el presidente de la Federaci\u00f3n Regional de Automovilismo Zona Norte, Carlos V\u00e1squez, miembros de la comisi\u00f3n de la Asociaci\u00f3n Pilotos truncadenses, antiguos pilotos y p\u00fablico en general.<\/p>\n<p>&nbsp;<\/p>\n<p>En un acto cargado de emotividad, se reconoci\u00f3 la labor de todos los que formaron parte de la puesta a punto, se entregaron presentes a los mismos, como a su vez se descubri\u00f3 una placa poniendo en valor a todos aquellos que aportaron a la vigencia de esta disciplina en la localidad y otra donde se detalla el nombre del Aut\u00f3dromo, con la presencia de los hijos de Tom\u00e1s Bevilacqua. Por su parte desde la Asociaci\u00f3n, en palabras de su Secretario Mario Lozano, se agradeci\u00f3 la gesti\u00f3n del Intendente y todo el aporte para que esto se logre, un trabajo en conjunto que hizo posible esta reinauguraci\u00f3n.<\/p>\n<p>&nbsp;<\/p>\n<p>Volvi\u00f3 el automovilismo a Pico Truncado, luego de m\u00e1s de una d\u00e9cada sin actividad, con un arduo trabajo de la Asociaci\u00f3n de Pilotos Truncadenses y el compromiso y acompa\u00f1amiento del municipio se puso enteramente en condiciones el predio, partiendo desde el circuito en s\u00ed, hasta todo aquel detalle que no pas\u00f3 inadvertido por todo el grupo de trabajo. Se destac\u00f3 por todos los pilotos y afines a la actividad los resultados logrados, y la gran organizaci\u00f3n con respecto a los dos d\u00edas de competici\u00f3n.<\/p>\n<p>&nbsp;<\/p>\n<p>Durante las instancias previas al evento, se mantuvieron amplias reuniones para garantizar la seguridad en este espect\u00e1culo, la participaci\u00f3n de las fuerzas de seguridad, el personal de la unidad VI de bomberos y ambulancia, sumada la coordinaci\u00f3n de la Direcci\u00f3n de Tr\u00e1nsito en los ingresos y en la libre transitabilidad permitieron que se desarrolle todo con total tranquilidad, haciendo de esto una actividad disfrutable por todo el grupo familiar que asisti\u00f3 este fin de semana.<\/p>\n<p>&nbsp;<\/p>\n<p>Por \u00faltimo, y no por ello menor, el resultado de las 4 categor\u00edas que se hicieron presente convocando pilotos, equipos y familiares de distintos puntos de la provincia, y con todo esto la repercusi\u00f3n positiva para la localidad de todos estos visitantes. Podio para corredores truncadenses, y la expectativa para la pr\u00f3xima fecha que se realizar\u00e1 el 18 de junio. Seguir\u00e1n sum\u00e1ndose atractivos al Aut\u00f3dromo \u201cTom\u00e1s Bevilacqua\u201d y resuena ese rugir de motores, que volvi\u00f3 para quedarse.<\/p>\n","protected":false},"excerpt":{"rendered":"<p>Este fin de semana se dio la tan ansiada vuelta de la competici\u00f3n a nuestra ciudad y se vivi\u00f3 con<\/p>\n","protected":false},"author":8,"featured_media":1399,"comment_status":"open","ping_status":"closed","sticky":false,"template":"","format":"standard","meta":{"footnotes":""},"categories":[37],"tags":[],"class_list":["post-1397","post","type-post","status-publish","format-standard","has-post-thumbnail","hentry","category-deportes"],"_links":{"self":[{"href":"https:\/\/ecosdelsur.com\/index.php?rest_route=\/wp\/v2\/posts\/1397","targetHints":{"allow":["GET"]}}],"collection":[{"href":"https:\/\/ecosdelsur.com\/index.php?rest_route=\/wp\/v2\/posts"}],"about":[{"href":"https:\/\/ecosdelsur.com\/index.php?rest_route=\/wp\/v2\/types\/post"}],"author":[{"embeddable":true,"href":"https:\/\/ecosdelsur.com\/index.php?rest_route=\/wp\/v2\/users\/8"}],"replies":[{"embeddable":true,"href":"https:\/\/ecosdelsur.com\/index.php?rest_route=%2Fwp%2Fv2%2Fcomments&post=1397"}],"version-history":[{"count":0,"href":"https:\/\/ecosdelsur.com\/index.php?rest_route=\/wp\/v2\/posts\/1397\/revisions"}],"wp:featuredmedia":[{"embeddable":true,"href":"https:\/\/ecosdelsur.com\/index.php?rest_route=\/wp\/v2\/media\/1399"}],"wp:attachment":[{"href":"https:\/\/ecosdelsur.com\/index.php?rest_route=%2Fwp%2Fv2%2Fmedia&parent=1397"}],"wp:term":[{"taxonomy":"category","embeddable":true,"href":"https:\/\/ecosdelsur.com\/index.php?rest_route=%2Fwp%2Fv2%2Fcategories&post=1397"},{"taxonomy":"post_tag","embeddable":true,"href":"https:\/\/ecosdelsur.com\/index.php?rest_route=%2Fwp%2Fv2%2Ftags&post=1397"}],"curies":[{"name":"wp","href":"https:\/\/api.w.org\/{rel}","templated":true}]}}