{"id":1381,"date":"2023-05-15T12:41:03","date_gmt":"2023-05-15T12:41:03","guid":{"rendered":"https:\/\/ecosdelsur.com\/?p=1381"},"modified":"2023-05-15T12:42:17","modified_gmt":"2023-05-15T12:42:17","slug":"volco-con-su-camioneta-el-concejal-juan-carlos-juarez-en-la-ruta-26-sin-heridos-graves","status":"publish","type":"post","link":"https:\/\/ecosdelsur.com\/?p=1381","title":{"rendered":"Volc\u00f3 con su camioneta el Concejal Juan Carlos Juarez en la ruta 26 sin heridos graves"},"content":{"rendered":"<p>Dos hombres que viajaban desde Esquel a Caleta Olivia perdieron el control del veh\u00edculo y terminaron en la banquina. Uno de ellos fue trasladado al hospital por precauci\u00f3n.<\/p>\n<p>Un accidente sin consecuencias graves se produjo este viernes, alrededor de las 22, en el kil\u00f3metro 202 de la ruta nacional 26, cuando una camioneta Toyota SW4 negra volc\u00f3 y qued\u00f3 con da\u00f1os materiales. Los ocupantes del rodado, identificados como Cristian Zampa (40) y Juan Carlos Ju\u00e1rez (39), lograron salir por sus propios medios y solo uno de ellos fue llevado al hospital para un control rutinario.<\/p>\n<p>&nbsp;<\/p>\n<p>Seg\u00fan relat\u00f3 Zampa a la polic\u00eda, ambos ven\u00edan desde Esquel con destino a Caleta Olivia y por una mala maniobra perdieron el control del veh\u00edculo y terminaron en la banquina. Al lugar acudieron efectivos de la comisar\u00eda de Sarmiento, personal de la Unidad de Criminal\u00edstica y una ambulancia local.<\/p>\n<p>&nbsp;<\/p>\n<p>La fiscal Copini tom\u00f3 conocimiento del hecho y dispuso que la camioneta no fuera secuestrada, debido a que no hubo personas lesionadas<\/p>\n","protected":false},"excerpt":{"rendered":"<p>Dos hombres que viajaban desde Esquel a Caleta Olivia perdieron el control del veh\u00edculo y terminaron en la banquina. Uno<\/p>\n","protected":false},"author":8,"featured_media":1382,"comment_status":"open","ping_status":"closed","sticky":false,"template":"","format":"standard","meta":{"footnotes":""},"categories":[36,1],"tags":[],"class_list":["post-1381","post","type-post","status-publish","format-standard","has-post-thumbnail","hentry","category-policiales","category-uncategorized"],"_links":{"self":[{"href":"https:\/\/ecosdelsur.com\/index.php?rest_route=\/wp\/v2\/posts\/1381","targetHints":{"allow":["GET"]}}],"collection":[{"href":"https:\/\/ecosdelsur.com\/index.php?rest_route=\/wp\/v2\/posts"}],"about":[{"href":"https:\/\/ecosdelsur.com\/index.php?rest_route=\/wp\/v2\/types\/post"}],"author":[{"embeddable":true,"href":"https:\/\/ecosdelsur.com\/index.php?rest_route=\/wp\/v2\/users\/8"}],"replies":[{"embeddable":true,"href":"https:\/\/ecosdelsur.com\/index.php?rest_route=%2Fwp%2Fv2%2Fcomments&post=1381"}],"version-history":[{"count":0,"href":"https:\/\/ecosdelsur.com\/index.php?rest_route=\/wp\/v2\/posts\/1381\/revisions"}],"wp:featuredmedia":[{"embeddable":true,"href":"https:\/\/ecosdelsur.com\/index.php?rest_route=\/wp\/v2\/media\/1382"}],"wp:attachment":[{"href":"https:\/\/ecosdelsur.com\/index.php?rest_route=%2Fwp%2Fv2%2Fmedia&parent=1381"}],"wp:term":[{"taxonomy":"category","embeddable":true,"href":"https:\/\/ecosdelsur.com\/index.php?rest_route=%2Fwp%2Fv2%2Fcategories&post=1381"},{"taxonomy":"post_tag","embeddable":true,"href":"https:\/\/ecosdelsur.com\/index.php?rest_route=%2Fwp%2Fv2%2Ftags&post=1381"}],"curies":[{"name":"wp","href":"https:\/\/api.w.org\/{rel}","templated":true}]}}