{"id":1374,"date":"2023-05-15T05:17:12","date_gmt":"2023-05-15T05:17:12","guid":{"rendered":"https:\/\/ecosdelsur.com\/?p=1374"},"modified":"2023-05-15T05:33:11","modified_gmt":"2023-05-15T05:33:11","slug":"relevamiento-sociosanitario-en-el-marco-del-programa-mas-cerca-un-diagnostico-completo-en-el-barrio-mirador-y-alrededores","status":"publish","type":"post","link":"https:\/\/ecosdelsur.com\/?p=1374","title":{"rendered":"Relevamiento sociosanitario en el marco del Programa \u201cM\u00e1s Cerca\u201d: Un diagn\u00f3stico completo en el barrio Mirador y alrededores"},"content":{"rendered":"<div class=\"yiv8026940258elementToProof\">\n<p class=\"yiv8026940258MsoNormal\"><i><span class=\"yiv8026940258ContentPasted0\" lang=\"ES\"><img decoding=\"async\" class=\"alignnone size-medium wp-image-1375 lazyload\" data-src=\"https:\/\/ecosdelsur.com\/wp-content\/uploads\/2023\/05\/Entrega-de-informe-300x175.jpeg\" alt=\"\" width=\"300\" height=\"175\" data-srcset=\"https:\/\/ecosdelsur.com\/wp-content\/uploads\/2023\/05\/Entrega-de-informe-300x175.jpeg 300w, https:\/\/ecosdelsur.com\/wp-content\/uploads\/2023\/05\/Entrega-de-informe-768x447.jpeg 768w, https:\/\/ecosdelsur.com\/wp-content\/uploads\/2023\/05\/Entrega-de-informe.jpeg 800w\" data-sizes=\"(max-width: 300px) 100vw, 300px\" src=\"data:image\/svg+xml;base64,PHN2ZyB3aWR0aD0iMSIgaGVpZ2h0PSIxIiB4bWxucz0iaHR0cDovL3d3dy53My5vcmcvMjAwMC9zdmciPjwvc3ZnPg==\" style=\"--smush-placeholder-width: 300px; --smush-placeholder-aspect-ratio: 300\/175;\" \/><\/span><\/i><\/p>\n<p class=\"yiv8026940258MsoNormal\"><i><span class=\"yiv8026940258ContentPasted0\" lang=\"ES\">En el marco del Programa M\u00e1s Cerca, el secretario de Gobierno del Municipio de Caleta Olivia, Carlos Aparicio, junto a la secretaria de Desarrollo Social, Elizabeth Pintos, presentaron los resultados de un exhaustivo relevamiento sociosanitario llevado a cabo en toda el \u00e1rea geogr\u00e1fica de la Uni\u00f3n Vecinal del barrio Mirador. \u00a0<\/span><\/i><\/p>\n<p><span class=\"yiv8026940258ContentPasted0\" lang=\"ES\">Este proyecto, impulsado por el Municipio, tiene como objetivo <b><i class=\"yiv8026940258ContentPasted0\">\u201cobtener un panorama detallado de las condiciones de vida de la poblaci\u00f3n local, con el fin de dise\u00f1ar pol\u00edticas p\u00fablicas efectivas que aborden las problem\u00e1ticas identificadas<\/i><\/b>\u201d, seg\u00fan explicaron las autoridades. \u00a0<\/span><\/p>\n<p class=\"yiv8026940258MsoNormal\"><span class=\"yiv8026940258ContentPasted0\" lang=\"ES\">El relevamiento, realizado durante los d\u00edas 20, 21 y 22 de marzo, abarc\u00f3 los barrios Parque, Mirador, C\u00e9sar Campos y sus alrededores. <img decoding=\"async\" class=\"alignnone size-medium wp-image-1376 lazyload\" data-src=\"https:\/\/ecosdelsur.com\/wp-content\/uploads\/2023\/05\/Informe-bis-239x300.jpeg\" alt=\"\" width=\"239\" height=\"300\" data-srcset=\"https:\/\/ecosdelsur.com\/wp-content\/uploads\/2023\/05\/Informe-bis-239x300.jpeg 239w, https:\/\/ecosdelsur.com\/wp-content\/uploads\/2023\/05\/Informe-bis.jpeg 478w\" data-sizes=\"(max-width: 239px) 100vw, 239px\" src=\"data:image\/svg+xml;base64,PHN2ZyB3aWR0aD0iMSIgaGVpZ2h0PSIxIiB4bWxucz0iaHR0cDovL3d3dy53My5vcmcvMjAwMC9zdmciPjwvc3ZnPg==\" style=\"--smush-placeholder-width: 239px; --smush-placeholder-aspect-ratio: 239\/300;\" \/><\/span><\/p>\n<p class=\"yiv8026940258MsoNormal\"><span class=\"yiv8026940258ContentPasted0\" lang=\"ES\">Con una metodolog\u00eda muestral, se logr\u00f3 recabar informaci\u00f3n de 92 hogares, lo que representa un total de 215 personas encuestadas. Esta muestra representativa brinda un valioso insumo para la gesti\u00f3n actual y futura del municipio, permitiendo renovar la base de datos disponibles y establecer pol\u00edticas p\u00fablicas acordes a las necesidades y problem\u00e1ticas espec\u00edficas de la zona. \u00a0<\/span><\/p>\n<p class=\"yiv8026940258MsoNormal\"><span class=\"yiv8026940258ContentPasted0\" lang=\"ES\">La secretaria de Desarrollo Social, Elizabeth Pintos, destac\u00f3 la importancia del relevamiento\u00a0<b><i class=\"yiv8026940258ContentPasted0\">\u201ccomo una prueba piloto para evaluar la situaci\u00f3n de las diferentes familias de la ciudad. El trabajo en terreno, en conjunto con la participaci\u00f3n de diversas \u00e1reas municipales ha permitido recopilar datos interesantes y, por ejemplo, se estableci\u00f3 un contacto directo con la Subsecretar\u00eda de Salud Comunitaria para valorar patolog\u00edas como enfermedades poco frecuentes\u201d.<\/i><\/b>\u00a0\u00a0<\/span><\/p>\n<p class=\"yiv8026940258MsoNormal\"><span class=\"yiv8026940258ContentPasted0\" lang=\"ES\">Lidia Carabajal, representante del Centro de Atenci\u00f3n Primaria de Salud del barrio Mar del Plata, resalt\u00f3 la trascendencia<b><i class=\"yiv8026940258ContentPasted0\">\u00a0\u201cde contar con un mapeo completo de los 11 barrios que abarca, que lleva m\u00e1s de 35 a\u00f1os de servicio\u201d.<\/i><\/b>\u00a0\u00a0<\/span><\/p>\n<p class=\"yiv8026940258MsoNormal\"><b><i><span class=\"yiv8026940258ContentPasted0\" lang=\"ES\">\u201cEl Programa M\u00e1s Cerca aproxima a los lugares necesitados, fortaleciendo los servicios sociales y de salud\u201d,<\/span><\/i><\/b><span class=\"yiv8026940258ContentPasted0\" lang=\"ES\">\u00a0dijo. Carabajal enfatiz\u00f3 el hecho\u00a0<b><i class=\"yiv8026940258ContentPasted0\">\u201cde contar con un equipo como el que se tiene, dedicado para brindar un mejor servicio a la comunidad\u201d.<\/i><\/b>\u00a0\u00a0<\/span><\/p>\n<p class=\"yiv8026940258MsoNormal\"><b><span class=\"yiv8026940258ContentPasted0\" lang=\"ES\">Muestreo social y econ\u00f3mico \u00a0<\/span><\/b><\/p>\n<p class=\"yiv8026940258MsoNormal\"><span class=\"yiv8026940258ContentPasted0\" lang=\"ES\">Los resultados obtenidos del trabajo son prometedores y brindan un panorama completo de la situaci\u00f3n en el distrito en cuesti\u00f3n. \u00a0<\/span><\/p>\n<p class=\"yiv8026940258MsoNormal\"><span class=\"yiv8026940258ContentPasted0\" lang=\"ES\">En el \u00e1mbito de la salud, se destaca el buen nivel de cobertura con el que cuenta la poblaci\u00f3n relevada, superando el promedio nacional. El 61% de los ciudadanos se encuentra bajo el r\u00e9gimen de obras sociales y el 13,6% posee cobertura privada. Adem\u00e1s, el 82% de los encuestados manifest\u00f3 realizarse alg\u00fan tipo de control de salud durante el a\u00f1o, lo que\u00a0<b class=\"yiv8026940258ContentPasted0\">demuestra la conciencia de la importancia de la prevenci\u00f3n y el cuidado sanitario. \u00a0<\/b><\/span><\/p>\n<p class=\"yiv8026940258MsoNormal\"><span class=\"yiv8026940258ContentPasted0\" lang=\"ES\">En cuanto a la atenci\u00f3n m\u00e9dica, se observa que un 34% de los encuestados asiste a los Centros Integradores Comunitarios (CIC\u00b4s) o Centros de Atenci\u00f3n Primaria de la Salud (CAPS). \u00a0<\/span><\/p>\n<p class=\"yiv8026940258MsoNormal\"><span class=\"yiv8026940258ContentPasted0\" lang=\"ES\">En cuanto a la vivienda, se observ\u00f3 que el 64% de los encuestados vive en un hogar propio, mientras que el 28% alquila y el restante 8% vive en una vivienda prestada. Tambi\u00e9n se identific\u00f3 un margen para avanzar en la inscripci\u00f3n de nuevos titulares de derecho al Programa \u201cVale Santa Cruz\u201d. \u00a0<\/span><\/p>\n<p class=\"yiv8026940258MsoNormal\"><span class=\"yiv8026940258ContentPasted0\" lang=\"ES\">En relaci\u00f3n a la salud, se destac\u00f3 que el 82% de los encuestados manifest\u00f3 realizarse alg\u00fan tipo de control de salud en el a\u00f1o y el 34% asiste a los Centros Integradores Comunitarios (CIC\u00b4s) o Centros de Atenci\u00f3n Primaria de la Salud (CAPS). \u00a0<\/span><\/p>\n<p class=\"yiv8026940258MsoNormal\"><span class=\"yiv8026940258ContentPasted0\" lang=\"ES\">Adem\u00e1s, se detect\u00f3 que en el 60% de los domicilios que vive una persona con discapacidad, tienen el Certificado \u00danico de Discapacidad, lo que permitir\u00e1 continuar con el trabajo coordinado para aumentar el n\u00famero de tramitaciones. \u00a0<\/span><\/p>\n<p class=\"yiv8026940258MsoNormal\"><span class=\"yiv8026940258ContentPasted0\" lang=\"ES\">Tambi\u00e9n se observ\u00f3 que el 13% de los encuestados relevados manifiesta convivir o tener una Enfermedad Poco Frecuente (EPOF), por lo que se est\u00e1 contactando a estas personas para hacer un seguimiento y asesoramiento en su situaci\u00f3n. \u00a0<\/span><\/p>\n<\/div>\n<div class=\"yiv8026940258elementToProof\"><\/div>\n","protected":false},"excerpt":{"rendered":"<p>En el marco del Programa M\u00e1s Cerca, el secretario de Gobierno del Municipio de Caleta Olivia, Carlos Aparicio, junto a<\/p>\n","protected":false},"author":8,"featured_media":1377,"comment_status":"open","ping_status":"closed","sticky":false,"template":"","format":"standard","meta":{"footnotes":""},"categories":[35],"tags":[],"class_list":["post-1374","post","type-post","status-publish","format-standard","has-post-thumbnail","hentry","category-sociedad"],"_links":{"self":[{"href":"https:\/\/ecosdelsur.com\/index.php?rest_route=\/wp\/v2\/posts\/1374","targetHints":{"allow":["GET"]}}],"collection":[{"href":"https:\/\/ecosdelsur.com\/index.php?rest_route=\/wp\/v2\/posts"}],"about":[{"href":"https:\/\/ecosdelsur.com\/index.php?rest_route=\/wp\/v2\/types\/post"}],"author":[{"embeddable":true,"href":"https:\/\/ecosdelsur.com\/index.php?rest_route=\/wp\/v2\/users\/8"}],"replies":[{"embeddable":true,"href":"https:\/\/ecosdelsur.com\/index.php?rest_route=%2Fwp%2Fv2%2Fcomments&post=1374"}],"version-history":[{"count":0,"href":"https:\/\/ecosdelsur.com\/index.php?rest_route=\/wp\/v2\/posts\/1374\/revisions"}],"wp:featuredmedia":[{"embeddable":true,"href":"https:\/\/ecosdelsur.com\/index.php?rest_route=\/wp\/v2\/media\/1377"}],"wp:attachment":[{"href":"https:\/\/ecosdelsur.com\/index.php?rest_route=%2Fwp%2Fv2%2Fmedia&parent=1374"}],"wp:term":[{"taxonomy":"category","embeddable":true,"href":"https:\/\/ecosdelsur.com\/index.php?rest_route=%2Fwp%2Fv2%2Fcategories&post=1374"},{"taxonomy":"post_tag","embeddable":true,"href":"https:\/\/ecosdelsur.com\/index.php?rest_route=%2Fwp%2Fv2%2Ftags&post=1374"}],"curies":[{"name":"wp","href":"https:\/\/api.w.org\/{rel}","templated":true}]}}