{"id":1369,"date":"2023-05-15T05:09:34","date_gmt":"2023-05-15T05:09:34","guid":{"rendered":"https:\/\/ecosdelsur.com\/?p=1369"},"modified":"2023-05-15T05:10:10","modified_gmt":"2023-05-15T05:10:10","slug":"costa-pide-aumentos-de-emergencia-en-santa-cruz","status":"publish","type":"post","link":"https:\/\/ecosdelsur.com\/?p=1369","title":{"rendered":"Costa pide aumentos de emergencia en Santa Cruz"},"content":{"rendered":"<p><img decoding=\"async\" class=\"size-medium wp-image-1370 alignleft lazyload\" data-src=\"https:\/\/ecosdelsur.com\/wp-content\/uploads\/2023\/05\/Captura-de-pantalla-2023-05-14-a-las-07.41.17-289x300.png\" alt=\"\" width=\"289\" height=\"300\" data-srcset=\"https:\/\/ecosdelsur.com\/wp-content\/uploads\/2023\/05\/Captura-de-pantalla-2023-05-14-a-las-07.41.17-289x300.png 289w, https:\/\/ecosdelsur.com\/wp-content\/uploads\/2023\/05\/Captura-de-pantalla-2023-05-14-a-las-07.41.17.png 533w\" data-sizes=\"(max-width: 289px) 100vw, 289px\" src=\"data:image\/svg+xml;base64,PHN2ZyB3aWR0aD0iMSIgaGVpZ2h0PSIxIiB4bWxucz0iaHR0cDovL3d3dy53My5vcmcvMjAwMC9zdmciPjwvc3ZnPg==\" style=\"--smush-placeholder-width: 289px; --smush-placeholder-aspect-ratio: 289\/300;\" \/> <img decoding=\"async\" class=\"size-medium wp-image-1371 alignleft lazyload\" data-src=\"https:\/\/ecosdelsur.com\/wp-content\/uploads\/2023\/05\/Captura-de-pantalla-2023-05-14-a-las-18.43.51-226x300.png\" alt=\"\" width=\"226\" height=\"300\" data-srcset=\"https:\/\/ecosdelsur.com\/wp-content\/uploads\/2023\/05\/Captura-de-pantalla-2023-05-14-a-las-18.43.51-226x300.png 226w, https:\/\/ecosdelsur.com\/wp-content\/uploads\/2023\/05\/Captura-de-pantalla-2023-05-14-a-las-18.43.51.png 470w\" data-sizes=\"(max-width: 226px) 100vw, 226px\" src=\"data:image\/svg+xml;base64,PHN2ZyB3aWR0aD0iMSIgaGVpZ2h0PSIxIiB4bWxucz0iaHR0cDovL3d3dy53My5vcmcvMjAwMC9zdmciPjwvc3ZnPg==\" style=\"--smush-placeholder-width: 226px; --smush-placeholder-aspect-ratio: 226\/300;\" \/><\/p>\n<p>&nbsp;<\/p>\n<p>&nbsp;<\/p>\n<p>&nbsp;<\/p>\n<p>&nbsp;<\/p>\n<p>&nbsp;<\/p>\n<p>&nbsp;<\/p>\n<p>&nbsp;<\/p>\n<p>&nbsp;<\/p>\n<p>Luego de conocerse los datos de inflaci\u00f3n que marcan c\u00f3mo se acelera la ca\u00edda del poder adquisitivo de los argentinos, Eduardo Costa pidi\u00f3 medidas urgentes en Santa Cruz para luchar con la crisis.<\/p>\n<p>Costa hizo un llamado al gobierno provincial para aumentar los salarios de forma urgente a todos los empleados estatales y reabrir las paritarias:<\/p>\n<p>&#8220;Ante la emergencia econ\u00f3mica pedimos en Santa Cruz: Suma fija para los empleados del Estado; aguinaldo doble en junio; aumento de emergencia y revisi\u00f3n de las paritarias. Reclamamos que se resuelva de forma urgente el conflicto docente. Es tiempo de medidas concretas por la inflaci\u00f3n desmedida.&#8221;<\/p>\n<p>Eduardo Costa pidi\u00f3 al Gobierno provincial que integran Alicia Kirchner, Grasso, Belloni y La Campora que resuelva el conflicto docente de manera urgente, otorgando aumentos sustanciales que permitan la vuelta a clases y el fin de los paros. Tambi\u00e9n hizo un pedido para que se establezcan aumentos de emergencia a trav\u00e9s de una suma fija de forma urgente para recomponer el salario de los trabajadores ante la crisis desatada por la corrida inflacionaria.<\/p>\n<p>Adem\u00e1s Costa dijo que es necesario reabrir las paritarias, discutir beneficios para que los salarios no pierdan con la inflaci\u00f3n y se pueda reactivar el comercio en Santa Cruz.<\/p>\n<p>&#8220;Estas medidas son urgentes y deben tomarse cuanto antes; la provincia tiene los recursos para hacerlo porque ha tenido ingresos extraordinarios&#8221;, remarc\u00f3 Costa.<\/p>\n","protected":false},"excerpt":{"rendered":"<p>&nbsp; &nbsp; &nbsp; &nbsp; &nbsp; &nbsp; &nbsp; &nbsp; Luego de conocerse los datos de inflaci\u00f3n que marcan c\u00f3mo se acelera<\/p>\n","protected":false},"author":8,"featured_media":1372,"comment_status":"open","ping_status":"closed","sticky":false,"template":"","format":"standard","meta":{"footnotes":""},"categories":[33],"tags":[],"class_list":["post-1369","post","type-post","status-publish","format-standard","has-post-thumbnail","hentry","category-politica"],"_links":{"self":[{"href":"https:\/\/ecosdelsur.com\/index.php?rest_route=\/wp\/v2\/posts\/1369","targetHints":{"allow":["GET"]}}],"collection":[{"href":"https:\/\/ecosdelsur.com\/index.php?rest_route=\/wp\/v2\/posts"}],"about":[{"href":"https:\/\/ecosdelsur.com\/index.php?rest_route=\/wp\/v2\/types\/post"}],"author":[{"embeddable":true,"href":"https:\/\/ecosdelsur.com\/index.php?rest_route=\/wp\/v2\/users\/8"}],"replies":[{"embeddable":true,"href":"https:\/\/ecosdelsur.com\/index.php?rest_route=%2Fwp%2Fv2%2Fcomments&post=1369"}],"version-history":[{"count":0,"href":"https:\/\/ecosdelsur.com\/index.php?rest_route=\/wp\/v2\/posts\/1369\/revisions"}],"wp:featuredmedia":[{"embeddable":true,"href":"https:\/\/ecosdelsur.com\/index.php?rest_route=\/wp\/v2\/media\/1372"}],"wp:attachment":[{"href":"https:\/\/ecosdelsur.com\/index.php?rest_route=%2Fwp%2Fv2%2Fmedia&parent=1369"}],"wp:term":[{"taxonomy":"category","embeddable":true,"href":"https:\/\/ecosdelsur.com\/index.php?rest_route=%2Fwp%2Fv2%2Fcategories&post=1369"},{"taxonomy":"post_tag","embeddable":true,"href":"https:\/\/ecosdelsur.com\/index.php?rest_route=%2Fwp%2Fv2%2Ftags&post=1369"}],"curies":[{"name":"wp","href":"https:\/\/api.w.org\/{rel}","templated":true}]}}