{"id":1364,"date":"2023-05-15T04:57:17","date_gmt":"2023-05-15T04:57:17","guid":{"rendered":"https:\/\/ecosdelsur.com\/?p=1364"},"modified":"2023-05-15T04:57:44","modified_gmt":"2023-05-15T04:57:44","slug":"se-concreto-el-xiv-encuentro-del-consejo-provincial-de-turismo-en-los-antiguos","status":"publish","type":"post","link":"https:\/\/ecosdelsur.com\/?p=1364","title":{"rendered":"Se concret\u00f3 el XIV encuentro del Consejo Provincial de Turismo en Los Antiguos"},"content":{"rendered":"<div><img decoding=\"async\" class=\"alignnone size-medium wp-image-1366 lazyload\" data-src=\"https:\/\/ecosdelsur.com\/wp-content\/uploads\/2023\/05\/WhatsApp_Image_2023-05-14_at_16.17.53_1-300x204.jpeg\" alt=\"\" width=\"300\" height=\"204\" data-srcset=\"https:\/\/ecosdelsur.com\/wp-content\/uploads\/2023\/05\/WhatsApp_Image_2023-05-14_at_16.17.53_1-300x204.jpeg 300w, https:\/\/ecosdelsur.com\/wp-content\/uploads\/2023\/05\/WhatsApp_Image_2023-05-14_at_16.17.53_1-scaled.jpeg 1024w, https:\/\/ecosdelsur.com\/wp-content\/uploads\/2023\/05\/WhatsApp_Image_2023-05-14_at_16.17.53_1-768x522.jpeg 768w\" data-sizes=\"(max-width: 300px) 100vw, 300px\" src=\"data:image\/svg+xml;base64,PHN2ZyB3aWR0aD0iMSIgaGVpZ2h0PSIxIiB4bWxucz0iaHR0cDovL3d3dy53My5vcmcvMjAwMC9zdmciPjwvc3ZnPg==\" style=\"--smush-placeholder-width: 300px; --smush-placeholder-aspect-ratio: 300\/204;\" \/> <img decoding=\"async\" class=\"alignnone size-medium wp-image-1367 lazyload\" data-src=\"https:\/\/ecosdelsur.com\/wp-content\/uploads\/2023\/05\/WhatsApp_Image_2023-05-14_at_16.17.53_2-300x204.jpeg\" alt=\"\" width=\"300\" height=\"204\" data-srcset=\"https:\/\/ecosdelsur.com\/wp-content\/uploads\/2023\/05\/WhatsApp_Image_2023-05-14_at_16.17.53_2-300x204.jpeg 300w, https:\/\/ecosdelsur.com\/wp-content\/uploads\/2023\/05\/WhatsApp_Image_2023-05-14_at_16.17.53_2-scaled.jpeg 1024w, https:\/\/ecosdelsur.com\/wp-content\/uploads\/2023\/05\/WhatsApp_Image_2023-05-14_at_16.17.53_2-768x522.jpeg 768w\" data-sizes=\"(max-width: 300px) 100vw, 300px\" src=\"data:image\/svg+xml;base64,PHN2ZyB3aWR0aD0iMSIgaGVpZ2h0PSIxIiB4bWxucz0iaHR0cDovL3d3dy53My5vcmcvMjAwMC9zdmciPjwvc3ZnPg==\" style=\"--smush-placeholder-width: 300px; --smush-placeholder-aspect-ratio: 300\/204;\" \/><\/div>\n<div><\/div>\n<div class=\"itemIntroText\">Directores y Secretarios de Turismo de diferentes puntos de la provincia se reunieron con referentes del sector privado en la XIV edici\u00f3n del Consejo Provincial de Turismo que se desarroll\u00f3 los d\u00edas 11 y 12 del corriente mes.<\/div>\n<div class=\"itemFullText\">\n<div id=\":sw\" class=\"ii gt\">\n<div id=\":sv\" class=\"a3s aiL \">\n<div dir=\"auto\">\n<div dir=\"auto\">En \u00e9sta oportunidad, recibidos por el intendente Julio Bellomo, los participantes compartieron sus experiencias en torno al desarrollo de productos tur\u00edsticos, con el fin de promover a los mismos. Tambi\u00e9n, se abord\u00f3 la asociatividad como una estrategia para potenciar los destinos tur\u00edsticos, garantizando la sinergia entre el sector p\u00fablico y privado. Este \u00faltimo tuvo un gran protagonismo al exponer iniciativas para potenciar los productos de la provincia y al exponer sus puntos de vista sobre los procesos constitutivos de los espacios colaborativos entre los distintos sectores involucrados en el turismo.<\/div>\n<div dir=\"auto\"><\/div>\n<div dir=\"auto\">En relaci\u00f3n a estos temas, se destac\u00f3 la participaci\u00f3n de Roc\u00edo Navarro, por la Fundaci\u00f3n Rewilding, quien expuso sobre el programa de conservaci\u00f3n del noroeste ; Mercedes Neil, quien present\u00f3 el programa Embajadores Tur\u00edsticos; Barbara Goncebat, quien abord\u00f3 las experiencias de turismo accesible; Sandra Diaz y Carla Balochi de Caleta Olivia, quienes presentaron Ciudad de Ballenas y la propuesta vitivin\u00edcola; Fabricio Segovia, quien abord\u00f3 la propuesta gastron\u00f3mica de la localidad Comandante Luis Piedra Buena en base a la trucha y un modelo articulado de un \u201cCorredor Gastron\u00f3mico de la Costa\u201d.<\/div>\n<div dir=\"auto\"><\/div>\n<div dir=\"auto\">Las propuestas tuvieron su complemento con la exposici\u00f3n del Presidente de la AAAVYT regional El Calafate, Rub\u00e9n Mart\u00ednez, quien destac\u00f3 la importancia de constituir productos que sean efectivamente comercializables, tanto para garantizar la presencia en espacios promocionales como para articular su oferta con los operadores locales.<\/div>\n<div dir=\"auto\"><\/div>\n<div dir=\"auto\">Tambi\u00e9n present\u00f3 \u201cSouth Summit 2023\u201d, un espacio de comercializaci\u00f3n de productos tur\u00edsticos que tendr\u00e1 lugar en los pr\u00f3ximos meses en El Calafate, en el que se combina la actualizaci\u00f3n de conocimientos, networking, presentaciones de destinos y servicios, tecnolog\u00eda y gastronom\u00eda patag\u00f3nica. Adem\u00e1s, el actual Presidente del Ente Mixto de El Calafate, Oscar G\u00f3mez, expuso sobre los procesos constitutivos del ente que preside, as\u00ed como la experiencias en otras instituciones similares, poniendo atenci\u00f3n al compromiso pol\u00edtico de las intendencias para poder cristalizar procesos participativos mixtos entre el sector p\u00fablico y el sector privado.<\/div>\n<div dir=\"auto\"><\/div>\n<div dir=\"auto\">Por su parte, el Secretario de Turismo, Pablo Godoy, destac\u00f3 la importancia de las exposiciones y el nivel de los temas tratados sobre la maduraci\u00f3n en los espacios tur\u00edsticos dando lugar a que los diferentes actores comiencen a percibir la necesidad de la articulaci\u00f3n y del desarrollo de productos para poder garantizar el crecimiento y la competitividad de los destinos santacruce\u00f1os.<\/div>\n<\/div>\n<\/div>\n<\/div>\n<\/div>\n","protected":false},"excerpt":{"rendered":"<p>Directores y Secretarios de Turismo de diferentes puntos de la provincia se reunieron con referentes del sector privado en la<\/p>\n","protected":false},"author":8,"featured_media":1365,"comment_status":"open","ping_status":"closed","sticky":false,"template":"","format":"standard","meta":{"footnotes":""},"categories":[87],"tags":[],"class_list":["post-1364","post","type-post","status-publish","format-standard","has-post-thumbnail","hentry","category-provinciales"],"_links":{"self":[{"href":"https:\/\/ecosdelsur.com\/index.php?rest_route=\/wp\/v2\/posts\/1364","targetHints":{"allow":["GET"]}}],"collection":[{"href":"https:\/\/ecosdelsur.com\/index.php?rest_route=\/wp\/v2\/posts"}],"about":[{"href":"https:\/\/ecosdelsur.com\/index.php?rest_route=\/wp\/v2\/types\/post"}],"author":[{"embeddable":true,"href":"https:\/\/ecosdelsur.com\/index.php?rest_route=\/wp\/v2\/users\/8"}],"replies":[{"embeddable":true,"href":"https:\/\/ecosdelsur.com\/index.php?rest_route=%2Fwp%2Fv2%2Fcomments&post=1364"}],"version-history":[{"count":0,"href":"https:\/\/ecosdelsur.com\/index.php?rest_route=\/wp\/v2\/posts\/1364\/revisions"}],"wp:featuredmedia":[{"embeddable":true,"href":"https:\/\/ecosdelsur.com\/index.php?rest_route=\/wp\/v2\/media\/1365"}],"wp:attachment":[{"href":"https:\/\/ecosdelsur.com\/index.php?rest_route=%2Fwp%2Fv2%2Fmedia&parent=1364"}],"wp:term":[{"taxonomy":"category","embeddable":true,"href":"https:\/\/ecosdelsur.com\/index.php?rest_route=%2Fwp%2Fv2%2Fcategories&post=1364"},{"taxonomy":"post_tag","embeddable":true,"href":"https:\/\/ecosdelsur.com\/index.php?rest_route=%2Fwp%2Fv2%2Ftags&post=1364"}],"curies":[{"name":"wp","href":"https:\/\/api.w.org\/{rel}","templated":true}]}}