{"id":1355,"date":"2023-05-14T16:28:53","date_gmt":"2023-05-14T16:28:53","guid":{"rendered":"https:\/\/ecosdelsur.com\/?p=1355"},"modified":"2023-05-14T16:29:00","modified_gmt":"2023-05-14T16:29:00","slug":"ser-santa-cruz-acompanada-por-gremio-petrolero-reinicia-campana-de-saneamiento-ambiental-urbano","status":"publish","type":"post","link":"https:\/\/ecosdelsur.com\/?p=1355","title":{"rendered":"Ser Santa Cruz, acompa\u00f1ada por Gremio Petrolero reinicia  campa\u00f1a de saneamiento ambiental urbano"},"content":{"rendered":"<p>Desde hora temprana y hasta avanzada la tarde de este viernes, alrededor de doscientos j\u00f3venes -hombres y mujeres-, reanudaron la campa\u00f1a de saneamiento ambiental que desde hace varias semanas viene coordinando el sindicato de los petroleros convencionales santacruce\u00f1os liderado por el tambi\u00e9n diputado nacional Claudio Vidal.<\/p>\n<p>Afilados, colaboradores y vecinos en general, se concentraron en la zona del humedal que bordea la denominada Segunda Laguna para desde all\u00ed desplegarse en abanico con bolsas y guantes protectores, recogiendo una gran cantidad de desperdicios urbanos, como ser botellas de pl\u00e1stico, bolsitas de nylon, cartones, vidrios y otros elementos que en parte arrastra el viento y otros son arrojados por gente despreocupada de la protecci\u00f3n del medio ambiente.<\/p>\n<p>La basura fue colocada en varios contenedores que iban a ser trasladados al relleno sanitario municipal y se esperaba que las tareas finalizaran alrededor de las 18:00 con puesta del sol de oto\u00f1o.<\/p>\n<p>Luis Melo, principal referente del \u00e1rea medio ambiente del gremio, coment\u00f3 a medios period\u00edsticos que en que va de 2023 \u201cya hemos intervenido 24 sitios, que comprendieron tanto a barrios como a sectores de la costa marina, habi\u00e9ndose recolectado unos 160 metros c\u00fabicos de desperdicios\u201d.<\/p>\n<p>\u201cQueremos demostrar que, a trav\u00e9s del sindicato, del partido SER y de agrupaciones sociales, es posible cambiar una realidad, apostando a tener una ciudad m\u00e1s limpia\u201d, precis\u00f3.<\/p>\n<p>En cuanto a la tarea programada para este viernes, dijo que se dividieron grupos de colaboradores para intervenir el humedal de la Segunda Laguna, el camino de circunvalaci\u00f3n que conecta el barrio Rotary 23 con la zona de chacras y un camino secundario que llega al barrio H\u00edpico donde constantemente aparecen mini basurales clandestinos.<\/p>\n<p>Por tal motivo, resalt\u00f3 que es importante generar concientizaci\u00f3n comunitaria sobre la importancia de cuidar el\u00a0 medio ambiente.<\/p>\n<p><img decoding=\"async\" class=\"size-medium wp-image-1358 aligncenter lazyload\" data-src=\"https:\/\/ecosdelsur.com\/wp-content\/uploads\/2023\/05\/DSC_6029-300x199.jpg\" alt=\"\" width=\"300\" height=\"199\" data-srcset=\"https:\/\/ecosdelsur.com\/wp-content\/uploads\/2023\/05\/DSC_6029-300x199.jpg 300w, https:\/\/ecosdelsur.com\/wp-content\/uploads\/2023\/05\/DSC_6029-768x509.jpg 768w, https:\/\/ecosdelsur.com\/wp-content\/uploads\/2023\/05\/DSC_6029.jpg 800w\" data-sizes=\"(max-width: 300px) 100vw, 300px\" src=\"data:image\/svg+xml;base64,PHN2ZyB3aWR0aD0iMSIgaGVpZ2h0PSIxIiB4bWxucz0iaHR0cDovL3d3dy53My5vcmcvMjAwMC9zdmciPjwvc3ZnPg==\" style=\"--smush-placeholder-width: 300px; --smush-placeholder-aspect-ratio: 300\/199;\" \/><\/p>\n","protected":false},"excerpt":{"rendered":"<p>Desde hora temprana y hasta avanzada la tarde de este viernes, alrededor de doscientos j\u00f3venes -hombres y mujeres-, reanudaron la<\/p>\n","protected":false},"author":8,"featured_media":1356,"comment_status":"open","ping_status":"closed","sticky":false,"template":"","format":"standard","meta":{"footnotes":""},"categories":[35],"tags":[],"class_list":["post-1355","post","type-post","status-publish","format-standard","has-post-thumbnail","hentry","category-sociedad"],"_links":{"self":[{"href":"https:\/\/ecosdelsur.com\/index.php?rest_route=\/wp\/v2\/posts\/1355","targetHints":{"allow":["GET"]}}],"collection":[{"href":"https:\/\/ecosdelsur.com\/index.php?rest_route=\/wp\/v2\/posts"}],"about":[{"href":"https:\/\/ecosdelsur.com\/index.php?rest_route=\/wp\/v2\/types\/post"}],"author":[{"embeddable":true,"href":"https:\/\/ecosdelsur.com\/index.php?rest_route=\/wp\/v2\/users\/8"}],"replies":[{"embeddable":true,"href":"https:\/\/ecosdelsur.com\/index.php?rest_route=%2Fwp%2Fv2%2Fcomments&post=1355"}],"version-history":[{"count":0,"href":"https:\/\/ecosdelsur.com\/index.php?rest_route=\/wp\/v2\/posts\/1355\/revisions"}],"wp:featuredmedia":[{"embeddable":true,"href":"https:\/\/ecosdelsur.com\/index.php?rest_route=\/wp\/v2\/media\/1356"}],"wp:attachment":[{"href":"https:\/\/ecosdelsur.com\/index.php?rest_route=%2Fwp%2Fv2%2Fmedia&parent=1355"}],"wp:term":[{"taxonomy":"category","embeddable":true,"href":"https:\/\/ecosdelsur.com\/index.php?rest_route=%2Fwp%2Fv2%2Fcategories&post=1355"},{"taxonomy":"post_tag","embeddable":true,"href":"https:\/\/ecosdelsur.com\/index.php?rest_route=%2Fwp%2Fv2%2Ftags&post=1355"}],"curies":[{"name":"wp","href":"https:\/\/api.w.org\/{rel}","templated":true}]}}