{"id":1348,"date":"2023-05-14T16:17:11","date_gmt":"2023-05-14T16:17:11","guid":{"rendered":"https:\/\/ecosdelsur.com\/?p=1348"},"modified":"2023-05-14T16:17:18","modified_gmt":"2023-05-14T16:17:18","slug":"billetera-santa-cruz-se-promociona-y-difunde-en-las-localidades-de-la-provincia","status":"publish","type":"post","link":"https:\/\/ecosdelsur.com\/?p=1348","title":{"rendered":"Billetera Santa Cruz: se promociona y difunde en las localidades de la provincia"},"content":{"rendered":"<div class=\"itemIntroText\"><img decoding=\"async\" class=\"alignnone size-medium wp-image-1350 lazyload\" data-src=\"https:\/\/ecosdelsur.com\/wp-content\/uploads\/2023\/05\/BILLETE4RA-1-300x185.jpeg\" alt=\"\" width=\"300\" height=\"185\" data-srcset=\"https:\/\/ecosdelsur.com\/wp-content\/uploads\/2023\/05\/BILLETE4RA-1-300x185.jpeg 300w, https:\/\/ecosdelsur.com\/wp-content\/uploads\/2023\/05\/BILLETE4RA-1-768x473.jpeg 768w, https:\/\/ecosdelsur.com\/wp-content\/uploads\/2023\/05\/BILLETE4RA-1.jpeg 800w\" data-sizes=\"(max-width: 300px) 100vw, 300px\" src=\"data:image\/svg+xml;base64,PHN2ZyB3aWR0aD0iMSIgaGVpZ2h0PSIxIiB4bWxucz0iaHR0cDovL3d3dy53My5vcmcvMjAwMC9zdmciPjwvc3ZnPg==\" style=\"--smush-placeholder-width: 300px; --smush-placeholder-aspect-ratio: 300\/185;\" \/> <img decoding=\"async\" class=\"alignnone size-medium wp-image-1352 lazyload\" data-src=\"https:\/\/ecosdelsur.com\/wp-content\/uploads\/2023\/05\/BILLETE4RA-3-300x185.jpeg\" alt=\"\" width=\"300\" height=\"185\" data-srcset=\"https:\/\/ecosdelsur.com\/wp-content\/uploads\/2023\/05\/BILLETE4RA-3-300x185.jpeg 300w, https:\/\/ecosdelsur.com\/wp-content\/uploads\/2023\/05\/BILLETE4RA-3-768x474.jpeg 768w, https:\/\/ecosdelsur.com\/wp-content\/uploads\/2023\/05\/BILLETE4RA-3.jpeg 800w\" data-sizes=\"(max-width: 300px) 100vw, 300px\" src=\"data:image\/svg+xml;base64,PHN2ZyB3aWR0aD0iMSIgaGVpZ2h0PSIxIiB4bWxucz0iaHR0cDovL3d3dy53My5vcmcvMjAwMC9zdmciPjwvc3ZnPg==\" style=\"--smush-placeholder-width: 300px; --smush-placeholder-aspect-ratio: 300\/185;\" \/>Equipos territoriales del Gobierno de Santa Cruz llevan adelante operativos de difusi\u00f3n de esta nueva aplicaci\u00f3n que tiene como finalidad incentivar el consumo en la provincia, potenciar las ventas de comercios locales y generar inclusi\u00f3n financiera en la comunidad. El mismo entrar\u00e1 en vigencia el 30 de mayo.<\/div>\n<div class=\"itemFullText\">\n<p>\u201cBilletera Santa Cruz\u201d se present\u00f3 de manera oficial el pasado 2 de mayo en Casa de Gobierno, y a partir de all\u00ed se estableci\u00f3 un periodo de difusi\u00f3n y promoci\u00f3n para que tanto la comunidad como los comercios se sumen a la iniciativa. \u00a0El subsecretario de Programaci\u00f3n y Evaluaci\u00f3n Financiera del Ministerio de Econom\u00eda, Finanzas e Infraestructura, Celcio Toledo, se refiri\u00f3 a las acciones que se concretan por estos d\u00edas.<\/p>\n<p>\u201cEmpezamos a pensar en este programa con la Secretar\u00eda de hacienda, a cargo de Carlos Pizarro y a cargo m\u00edo\u201d, apunt\u00f3 el funcionario respecto del Programa Billetera Santa Cruz, informando que \u201caparte de la presentaci\u00f3n de la misma, tambi\u00e9n trabajamos en lo que tiene que ver con la debida difusi\u00f3n del programa\u201d y que \u201csi bien la presentaci\u00f3n se hizo el pasado 02 de mayo, la convocatoria contin\u00faa hasta el 30 de mayo, fecha donde la gente va a poder cargar la aplicaci\u00f3n\u201d.<\/p>\n<p>En este sentido agreg\u00f3 que \u201cpor el momento, lo que estamos haciendo es hablar con los comercios, coment\u00e1ndoles cu\u00e1les son los beneficios y objetivos del programa, lo que es fundamental para el consumo de las pymes y para ayudar a la comunidad en general\u201d. \u201c\u00c9ste es un programa de reintegros; ya que, con cada compra, van a tener al d\u00eda siguiente su reintegro en la billetera del 30 %\u201d.<\/p>\n<p>\u201cEn la visita a los distintos comercios, la consulta fue sobre los costos, por lo cual les informamos que los mismos no son altos y de a poco se va conociendo el funcionamiento\u201d dijo al explicar que \u201ccualquier persona de la provincia de Santa Cruz, mayor de 18 a\u00f1os de edad, puede descargar la billetera\u201d.<\/p>\n<p>En cuanto al operativo de difusi\u00f3n\u00a0 que se est\u00e1 llevando adelante en nuestra provincia, explic\u00f3 que \u201cel mismo ya se llev\u00f3 a cabo en Puerto Santa Cruz con distintos comerciantes del lugar; y, hoy, un equipo estuvo en Puerto Deseado\u201d. En este orden, tambi\u00e9n adelant\u00f3 que \u201cla semana entrante y hasta el 30 de mayo, estaremos con comerciantes en Caleta Olivia, Pico Truncado, Las Heras, El Calafate, Gobernador Gregores y otras localidades\u201d.<\/p>\n<p>&nbsp;<\/p>\n<p>\u201cPensamos que esta herramienta tendr\u00e1 mucho \u00e9xito\u201d, estim\u00f3, se\u00f1alando finalmente que \u201cesperamos movilizar un poco m\u00e1s la econom\u00eda, fomentar el consumo, generar m\u00e1s dinero en la gente, abarcando los rubros de turismo, gastronom\u00eda, bazar, marroquiner\u00eda, alimentos, farmacia, y jugueter\u00edas, favoreciendo as\u00ed al comercio local y las pymes.\u201d<\/p>\n<p><strong>\u00bfC\u00f3mo acceder a la billetera virtual?<\/strong><\/p>\n<p>Para cualquier informaci\u00f3n, est\u00e1n las p\u00e1ginas institucionales que es la p\u00e1gina de gobierno\u00a0 www.santacruz.gob.ar\/billetera y tambi\u00e9n est\u00e1n habilitadas las p\u00e1ginas del Banco Santa Cruz, quien provee la aplicaci\u00f3n y a trav\u00e9s de las redes.<\/p>\n<p><strong>Fuente: AMA Santa Cruz<\/strong><\/p>\n<\/div>\n","protected":false},"excerpt":{"rendered":"<p>Equipos territoriales del Gobierno de Santa Cruz llevan adelante operativos de difusi\u00f3n de esta nueva aplicaci\u00f3n que tiene como finalidad<\/p>\n","protected":false},"author":8,"featured_media":1351,"comment_status":"open","ping_status":"closed","sticky":false,"template":"","format":"standard","meta":{"footnotes":""},"categories":[87],"tags":[],"class_list":["post-1348","post","type-post","status-publish","format-standard","has-post-thumbnail","hentry","category-provinciales"],"_links":{"self":[{"href":"https:\/\/ecosdelsur.com\/index.php?rest_route=\/wp\/v2\/posts\/1348","targetHints":{"allow":["GET"]}}],"collection":[{"href":"https:\/\/ecosdelsur.com\/index.php?rest_route=\/wp\/v2\/posts"}],"about":[{"href":"https:\/\/ecosdelsur.com\/index.php?rest_route=\/wp\/v2\/types\/post"}],"author":[{"embeddable":true,"href":"https:\/\/ecosdelsur.com\/index.php?rest_route=\/wp\/v2\/users\/8"}],"replies":[{"embeddable":true,"href":"https:\/\/ecosdelsur.com\/index.php?rest_route=%2Fwp%2Fv2%2Fcomments&post=1348"}],"version-history":[{"count":0,"href":"https:\/\/ecosdelsur.com\/index.php?rest_route=\/wp\/v2\/posts\/1348\/revisions"}],"wp:featuredmedia":[{"embeddable":true,"href":"https:\/\/ecosdelsur.com\/index.php?rest_route=\/wp\/v2\/media\/1351"}],"wp:attachment":[{"href":"https:\/\/ecosdelsur.com\/index.php?rest_route=%2Fwp%2Fv2%2Fmedia&parent=1348"}],"wp:term":[{"taxonomy":"category","embeddable":true,"href":"https:\/\/ecosdelsur.com\/index.php?rest_route=%2Fwp%2Fv2%2Fcategories&post=1348"},{"taxonomy":"post_tag","embeddable":true,"href":"https:\/\/ecosdelsur.com\/index.php?rest_route=%2Fwp%2Fv2%2Ftags&post=1348"}],"curies":[{"name":"wp","href":"https:\/\/api.w.org\/{rel}","templated":true}]}}