{"id":13419,"date":"2024-01-11T00:45:34","date_gmt":"2024-01-11T00:45:34","guid":{"rendered":"https:\/\/ecosdelsur.com\/?p=13419"},"modified":"2024-01-11T00:45:34","modified_gmt":"2024-01-11T00:45:34","slug":"denuncian-abuso-de-poder-por-parte-de-la-policia-hacia-menores-de-edad","status":"publish","type":"post","link":"https:\/\/ecosdelsur.com\/?p=13419","title":{"rendered":"Denuncian abuso de poder por parte de la polic\u00eda hacia menores de edad"},"content":{"rendered":"<p>Fue luego de un hecho ocurrido el fin de semana en cercan\u00edas al mercado Roma de Caleta Olivia. Nadia Rasgido junto a su hijo Dylan, se presentaron en Ecos del Sur para dar a conocer lo sucedido y pedir respuestas a la Justicia por abuso de autoridad de la polic\u00eda.<\/p>\n<p>Tras un incidente ocurrido por la tarde noche del pasado s\u00e1bado en inmediaciones del local comercial Roma, el joven Dylan junto a su novia, su hermana de 13 a\u00f1os y otros amigos transitaban por el lugar y se acercaron a ver lo que pasaba, pero en medio de su curiosidad habr\u00edan sido demorados por efectivos de la polic\u00eda para identificarlos, tomando sus datos personales.<\/p>\n<p>Dylan coment\u00f3 que \u201cnos gritaron para que circulemos, sin disturbio, y de repente llegan cinco motos m\u00e1s de la polic\u00eda, personas que se bajaron con escopetas y nos gritaron que vayamos contra la pared\u201d, y agreg\u00f3 que el mal momento comenz\u00f3 cuando el joven se rio frente a uno de los polic\u00edas que le estaba tomando los datos.<\/p>\n<p>\u201cNo estaba haciendo nada, solo me re\u00ed. Y despu\u00e9s de ese gesto, los que me conocen saben que es la verdad, cuando hablan en serio me sale la risa, no es que est\u00e9 canchereando\u201d, dijo y manifest\u00f3 que \u201cha entrado una camada nueva de polic\u00edas que piensan que por tener una placa deben golpear a todo los que se les cruce\u201d.<\/p>\n<p>En medio de su forzamiento con las autoridades, el joven dijo que insultaban a su madre. \u201cYo les contest\u00e9 y por eso mi brazo, un poco m\u00e1s, me lo dan vuelta\u201d, y agreg\u00f3 que tiene quemaduras y uno de los efectivos le pinch\u00f3 la mano con un cortaplumas.<\/p>\n<p>Vale destacar que estas declaraciones corren por cuenta de la familia Rasgido Maman\u00ed, y que este medio de comunicaci\u00f3n s\u00f3lo les ha brindado su espacio para dar a conocer su versi\u00f3n.<\/p>\n<p><img decoding=\"async\" class=\"alignnone size-full wp-image-13421 lazyload\" data-src=\"https:\/\/ecosdelsur.com\/wp-content\/uploads\/2024\/01\/Screenshot_20240110-2058012.png\" alt=\"\" width=\"720\" height=\"404\" data-srcset=\"https:\/\/ecosdelsur.com\/wp-content\/uploads\/2024\/01\/Screenshot_20240110-2058012.png 720w, https:\/\/ecosdelsur.com\/wp-content\/uploads\/2024\/01\/Screenshot_20240110-2058012-300x168.png 300w\" data-sizes=\"(max-width: 720px) 100vw, 720px\" src=\"data:image\/svg+xml;base64,PHN2ZyB3aWR0aD0iMSIgaGVpZ2h0PSIxIiB4bWxucz0iaHR0cDovL3d3dy53My5vcmcvMjAwMC9zdmciPjwvc3ZnPg==\" style=\"--smush-placeholder-width: 720px; --smush-placeholder-aspect-ratio: 720\/404;\" \/><\/p>\n<p>Asimismo, la familia indic\u00f3 que la menor de 13 a\u00f1os tambi\u00e9n hab\u00eda sido esposada y llevada a la comisaria, luego de tratar de impedir que arresten a su hermano.<\/p>\n<p>\u201cA los polic\u00edas desde entrada les dije que hac\u00edan abuso de poder\u201d, dijo el joven y agreg\u00f3: \u201ccuando se bajaron de las motos ni se presentaron y nos llevaron contra la pared. La cuesti\u00f3n es que me tuvieron tirado en el piso, me esposaron y uno de ellos con su bot\u00edn en mi cabeza\u201d, mencion\u00f3.<\/p>\n<p>\u201cEllos cuidan al pueblo pero para m\u00ed la ligamos sin tener nada que ver con la situaci\u00f3n\u201d, sentenci\u00f3 el joven.<\/p>\n<p>En cuanto a su hermana de 13 a\u00f1os, acusan a los efectivos que la trasladaron hacia la comisar\u00eda y que tocaron partes intimas de la menor, requis\u00e1ndola.<\/p>\n<p>\u201cA mi cuando me trasladan me llevan directo al hospital, pero a mi hermana primero la llevan a la comisar\u00eda y de ah\u00ed, luego del reclamo de mi madre la llevan al hospital\u201d.<\/p>\n<p>Nadia Rasgido, madre de los j\u00f3venes, pidi\u00f3 a trav\u00e9s del medio que este caso no quede en la nada. \u201cYo s\u00e9 que mis hijos pueden no ser santos, est\u00e1n en la edad, pero estas personas hicieron abuso de autoridad hacia mis hijos. A mi nena la tocaron\u201d, sentenci\u00f3 y solicit\u00f3 al comercio y alrededores que cuenten con filmaciones se las puedan brindar.<\/p>\n","protected":false},"excerpt":{"rendered":"<p>Fue luego de un hecho ocurrido el fin de semana en cercan\u00edas al mercado Roma de Caleta Olivia. Nadia Rasgido<\/p>\n","protected":false},"author":8,"featured_media":13420,"comment_status":"closed","ping_status":"closed","sticky":false,"template":"","format":"standard","meta":{"footnotes":""},"categories":[35],"tags":[60],"class_list":["post-13419","post","type-post","status-publish","format-standard","has-post-thumbnail","hentry","category-sociedad","tag-caleta-olivia"],"_links":{"self":[{"href":"https:\/\/ecosdelsur.com\/index.php?rest_route=\/wp\/v2\/posts\/13419","targetHints":{"allow":["GET"]}}],"collection":[{"href":"https:\/\/ecosdelsur.com\/index.php?rest_route=\/wp\/v2\/posts"}],"about":[{"href":"https:\/\/ecosdelsur.com\/index.php?rest_route=\/wp\/v2\/types\/post"}],"author":[{"embeddable":true,"href":"https:\/\/ecosdelsur.com\/index.php?rest_route=\/wp\/v2\/users\/8"}],"replies":[{"embeddable":true,"href":"https:\/\/ecosdelsur.com\/index.php?rest_route=%2Fwp%2Fv2%2Fcomments&post=13419"}],"version-history":[{"count":0,"href":"https:\/\/ecosdelsur.com\/index.php?rest_route=\/wp\/v2\/posts\/13419\/revisions"}],"wp:featuredmedia":[{"embeddable":true,"href":"https:\/\/ecosdelsur.com\/index.php?rest_route=\/wp\/v2\/media\/13420"}],"wp:attachment":[{"href":"https:\/\/ecosdelsur.com\/index.php?rest_route=%2Fwp%2Fv2%2Fmedia&parent=13419"}],"wp:term":[{"taxonomy":"category","embeddable":true,"href":"https:\/\/ecosdelsur.com\/index.php?rest_route=%2Fwp%2Fv2%2Fcategories&post=13419"},{"taxonomy":"post_tag","embeddable":true,"href":"https:\/\/ecosdelsur.com\/index.php?rest_route=%2Fwp%2Fv2%2Ftags&post=13419"}],"curies":[{"name":"wp","href":"https:\/\/api.w.org\/{rel}","templated":true}]}}