{"id":1329,"date":"2023-05-14T06:16:58","date_gmt":"2023-05-14T06:16:58","guid":{"rendered":"https:\/\/ecosdelsur.com\/?p=1329"},"modified":"2023-05-14T06:17:04","modified_gmt":"2023-05-14T06:17:04","slug":"el-gremio-de-los-docentes-resolvio-96-horas-de-paro-y-el-gobierno-fijo-fecha-para-la-paritaria","status":"publish","type":"post","link":"https:\/\/ecosdelsur.com\/?p=1329","title":{"rendered":"El Gremio de los Docentes resolvi\u00f3 96 horas de paro y el Gobierno fij\u00f3 fecha para la paritaria"},"content":{"rendered":"<p class=\"copete\">En \u00faltimas horas del viernes, el gremio docente hizo p\u00fablico lo resuelto en el Congreso Extraordinario. En tanto, desde el Ejecutivo Provincial fijaron fecha de negociaci\u00f3n paritaria. Qu\u00e9 exige el gremio docente.<\/p>\n<div class=\"redes clearfix\">\n<div class=\"social\">\n<div class=\"social_large_3 social_large_mobile2\">Este viernes la Asociaci\u00f3n Docentes de Santa Cruz (ADOSAC) llev\u00f3 adelante un nuevo Congreso Extraordinario. La resoluci\u00f3n se conoci\u00f3 entradas horas de la medianoche, con el gremio docente adelantando medidas de fuerza para la pr\u00f3xima semana.<strong>\u00a0El paro ser\u00e1 de 96 horas (martes, mi\u00e9rcoles, jueves y viernes)<\/strong>. En tanto, exigen que cesen los descuentos por los paros y que se devuelvan los d\u00edas ca\u00eddos, como as\u00ed tambi\u00e9n la cl\u00e1usula gatillo y exigen una vez m\u00e1s, que el incremento salarial sea al b\u00e1sico.<\/div>\n<\/div>\n<\/div>\n<div id=\"eplAdDiv300x250x3\" class=\"bannersumocontent\"><\/div>\n<p>En tanto, demandan que la cl\u00e1usula gatillo se aplique de manera permanente en el proceso inflacionario.<\/p>\n<p>En cuanto a los \u00edtems, piden que se haga efectivo el t\u00edtulo actualizado y se aplique el pago del t\u00edtulo en el segundo cargo.<\/p>\n","protected":false},"excerpt":{"rendered":"<p>En \u00faltimas horas del viernes, el gremio docente hizo p\u00fablico lo resuelto en el Congreso Extraordinario. En tanto, desde el<\/p>\n","protected":false},"author":8,"featured_media":1330,"comment_status":"open","ping_status":"closed","sticky":false,"template":"","format":"standard","meta":{"footnotes":""},"categories":[35],"tags":[],"class_list":["post-1329","post","type-post","status-publish","format-standard","has-post-thumbnail","hentry","category-sociedad"],"_links":{"self":[{"href":"https:\/\/ecosdelsur.com\/index.php?rest_route=\/wp\/v2\/posts\/1329","targetHints":{"allow":["GET"]}}],"collection":[{"href":"https:\/\/ecosdelsur.com\/index.php?rest_route=\/wp\/v2\/posts"}],"about":[{"href":"https:\/\/ecosdelsur.com\/index.php?rest_route=\/wp\/v2\/types\/post"}],"author":[{"embeddable":true,"href":"https:\/\/ecosdelsur.com\/index.php?rest_route=\/wp\/v2\/users\/8"}],"replies":[{"embeddable":true,"href":"https:\/\/ecosdelsur.com\/index.php?rest_route=%2Fwp%2Fv2%2Fcomments&post=1329"}],"version-history":[{"count":0,"href":"https:\/\/ecosdelsur.com\/index.php?rest_route=\/wp\/v2\/posts\/1329\/revisions"}],"wp:featuredmedia":[{"embeddable":true,"href":"https:\/\/ecosdelsur.com\/index.php?rest_route=\/wp\/v2\/media\/1330"}],"wp:attachment":[{"href":"https:\/\/ecosdelsur.com\/index.php?rest_route=%2Fwp%2Fv2%2Fmedia&parent=1329"}],"wp:term":[{"taxonomy":"category","embeddable":true,"href":"https:\/\/ecosdelsur.com\/index.php?rest_route=%2Fwp%2Fv2%2Fcategories&post=1329"},{"taxonomy":"post_tag","embeddable":true,"href":"https:\/\/ecosdelsur.com\/index.php?rest_route=%2Fwp%2Fv2%2Ftags&post=1329"}],"curies":[{"name":"wp","href":"https:\/\/api.w.org\/{rel}","templated":true}]}}