{"id":13254,"date":"2024-01-08T04:15:28","date_gmt":"2024-01-08T04:15:28","guid":{"rendered":"https:\/\/ecosdelsur.com\/?p=13254"},"modified":"2024-01-08T04:18:55","modified_gmt":"2024-01-08T04:18:55","slug":"trabajadores-de-la-municipalidad-de-caleta-olivia-realizan-diversas-tareas-en-la-costanera-local","status":"publish","type":"post","link":"https:\/\/ecosdelsur.com\/?p=13254","title":{"rendered":"Trabajadores de la municipalidad de Caleta Olivia realizan diversas tareas en la costanera local"},"content":{"rendered":"<p>07\/01\/2023-Desde la secretar\u00eda de Gesti\u00f3n Ambiental, Obras P\u00fablicas y Servicios se est\u00e1n realizando movimientos de suelo con grandes maquinarias para mejorar los accesos para veh\u00edculos en el sector cercano al muelle. <img decoding=\"async\" class=\"alignnone size-full wp-image-13255 lazyload\" data-src=\"https:\/\/ecosdelsur.com\/wp-content\/uploads\/2024\/01\/1def2e82-12e9-4118-8ecd-221d39436676.jpg\" alt=\"\" width=\"1000\" height=\"625\" data-srcset=\"https:\/\/ecosdelsur.com\/wp-content\/uploads\/2024\/01\/1def2e82-12e9-4118-8ecd-221d39436676.jpg 1000w, https:\/\/ecosdelsur.com\/wp-content\/uploads\/2024\/01\/1def2e82-12e9-4118-8ecd-221d39436676-300x188.jpg 300w, https:\/\/ecosdelsur.com\/wp-content\/uploads\/2024\/01\/1def2e82-12e9-4118-8ecd-221d39436676-768x480.jpg 768w\" data-sizes=\"(max-width: 1000px) 100vw, 1000px\" src=\"data:image\/svg+xml;base64,PHN2ZyB3aWR0aD0iMSIgaGVpZ2h0PSIxIiB4bWxucz0iaHR0cDovL3d3dy53My5vcmcvMjAwMC9zdmciPjwvc3ZnPg==\" style=\"--smush-placeholder-width: 1000px; --smush-placeholder-aspect-ratio: 1000\/625;\" \/>Tambi\u00e9n se est\u00e1n llevando a cabo tareas de desmalezamiento, poda de arbustos y limpieza de todos los sectores colindantes.<\/p>\n<p>Este trabajo se encar\u00f3 con directivas del jefe de gabinete, Luis Melo, quien expres\u00f3 \u201chace mucho tiempo que no se realizaban este tipo de tareas para mejorar las condiciones de accesibilidad a los sectores de nuestra caleta\u201d y agreg\u00f3 \u201cvamos a tener un verano con mucha afluencia de vecinos en la costanera. <img decoding=\"async\" class=\"alignnone size-large wp-image-13258 lazyload\" data-src=\"https:\/\/ecosdelsur.com\/wp-content\/uploads\/2024\/01\/d3360d58-cbad-49fb-9f4e-ee083612c578-1024x581.jpg\" alt=\"\" width=\"800\" height=\"454\" data-srcset=\"https:\/\/ecosdelsur.com\/wp-content\/uploads\/2024\/01\/d3360d58-cbad-49fb-9f4e-ee083612c578-scaled.jpg 1024w, https:\/\/ecosdelsur.com\/wp-content\/uploads\/2024\/01\/d3360d58-cbad-49fb-9f4e-ee083612c578-300x170.jpg 300w, https:\/\/ecosdelsur.com\/wp-content\/uploads\/2024\/01\/d3360d58-cbad-49fb-9f4e-ee083612c578-768x435.jpg 768w\" data-sizes=\"(max-width: 800px) 100vw, 800px\" src=\"data:image\/svg+xml;base64,PHN2ZyB3aWR0aD0iMSIgaGVpZ2h0PSIxIiB4bWxucz0iaHR0cDovL3d3dy53My5vcmcvMjAwMC9zdmciPjwvc3ZnPg==\" style=\"--smush-placeholder-width: 800px; --smush-placeholder-aspect-ratio: 800\/454;\" \/>M\u00e1s porque es una playa que cuenta con el servicio de guardavidas de 14 a 20 hs. y se viene la Fiesta N\u00e1utica y del Turismo\u201d<\/p>\n<p>Los caminos ser\u00e1n utilizados para que se puedan bajar las embarcaciones habilitadas por PNA desde el Club N\u00e1utico. Recordemos que parte del recorrido que estaba en el sector fue arrasado por las grandes mareas y oleajes de los \u00faltimos a\u00f1os y nunca fueron reconstruidos. \u201cEstamos haciendo estos movimientos de suelo y obras para poder devolverle a los vecinos su posibilidad de hacer nuevamente actividades n\u00e1uticas\u201d.<img decoding=\"async\" class=\"alignnone size-large wp-image-13257 lazyload\" data-src=\"https:\/\/ecosdelsur.com\/wp-content\/uploads\/2024\/01\/c314685f-8b1f-4579-b78a-65764ca11b57-1024x654.jpg\" alt=\"\" width=\"800\" height=\"511\" data-srcset=\"https:\/\/ecosdelsur.com\/wp-content\/uploads\/2024\/01\/c314685f-8b1f-4579-b78a-65764ca11b57-scaled.jpg 1024w, https:\/\/ecosdelsur.com\/wp-content\/uploads\/2024\/01\/c314685f-8b1f-4579-b78a-65764ca11b57-300x192.jpg 300w, https:\/\/ecosdelsur.com\/wp-content\/uploads\/2024\/01\/c314685f-8b1f-4579-b78a-65764ca11b57-768x491.jpg 768w\" data-sizes=\"(max-width: 800px) 100vw, 800px\" src=\"data:image\/svg+xml;base64,PHN2ZyB3aWR0aD0iMSIgaGVpZ2h0PSIxIiB4bWxucz0iaHR0cDovL3d3dy53My5vcmcvMjAwMC9zdmciPjwvc3ZnPg==\" style=\"--smush-placeholder-width: 800px; --smush-placeholder-aspect-ratio: 800\/511;\" \/><\/p>\n<p>En semanas se viene la Fiesta N\u00e1utica y del Turismo, los d\u00edas 26, 27 y 28 de enero, y se pretende que todos puedan participar de las actividades que se est\u00e1n organizando desde todas las \u00e1reas municipales.<\/p>\n<p>Por \u00faltimo, el funcionario municipal pidi\u00f3 a los vecinos que transitan por el sector hacerlo con precauci\u00f3n, debido a que se continuar\u00e1n con los trabajos en el transcurso de la semana.<\/p>\n","protected":false},"excerpt":{"rendered":"<p>07\/01\/2023-Desde la secretar\u00eda de Gesti\u00f3n Ambiental, Obras P\u00fablicas y Servicios se est\u00e1n realizando movimientos de suelo con grandes maquinarias para<\/p>\n","protected":false},"author":8,"featured_media":13256,"comment_status":"open","ping_status":"closed","sticky":false,"template":"","format":"standard","meta":{"footnotes":""},"categories":[35],"tags":[],"class_list":["post-13254","post","type-post","status-publish","format-standard","has-post-thumbnail","hentry","category-sociedad"],"_links":{"self":[{"href":"https:\/\/ecosdelsur.com\/index.php?rest_route=\/wp\/v2\/posts\/13254","targetHints":{"allow":["GET"]}}],"collection":[{"href":"https:\/\/ecosdelsur.com\/index.php?rest_route=\/wp\/v2\/posts"}],"about":[{"href":"https:\/\/ecosdelsur.com\/index.php?rest_route=\/wp\/v2\/types\/post"}],"author":[{"embeddable":true,"href":"https:\/\/ecosdelsur.com\/index.php?rest_route=\/wp\/v2\/users\/8"}],"replies":[{"embeddable":true,"href":"https:\/\/ecosdelsur.com\/index.php?rest_route=%2Fwp%2Fv2%2Fcomments&post=13254"}],"version-history":[{"count":0,"href":"https:\/\/ecosdelsur.com\/index.php?rest_route=\/wp\/v2\/posts\/13254\/revisions"}],"wp:featuredmedia":[{"embeddable":true,"href":"https:\/\/ecosdelsur.com\/index.php?rest_route=\/wp\/v2\/media\/13256"}],"wp:attachment":[{"href":"https:\/\/ecosdelsur.com\/index.php?rest_route=%2Fwp%2Fv2%2Fmedia&parent=13254"}],"wp:term":[{"taxonomy":"category","embeddable":true,"href":"https:\/\/ecosdelsur.com\/index.php?rest_route=%2Fwp%2Fv2%2Fcategories&post=13254"},{"taxonomy":"post_tag","embeddable":true,"href":"https:\/\/ecosdelsur.com\/index.php?rest_route=%2Fwp%2Fv2%2Ftags&post=13254"}],"curies":[{"name":"wp","href":"https:\/\/api.w.org\/{rel}","templated":true}]}}