{"id":13248,"date":"2024-01-07T18:57:45","date_gmt":"2024-01-07T18:57:45","guid":{"rendered":"https:\/\/ecosdelsur.com\/?p=13248"},"modified":"2024-01-07T18:59:35","modified_gmt":"2024-01-07T18:59:35","slug":"ddi-caleta-olivia-procedio-a-la-detencion-un-individuo-involucrado-en-robo","status":"publish","type":"post","link":"https:\/\/ecosdelsur.com\/?p=13248","title":{"rendered":"DDI Caleta Olivia procedi\u00f3 a la detenci\u00f3n de un individuo involucrado en robo"},"content":{"rendered":"<p>07\/01\/2023- Policiales en Ecos del Sur &#8211; \u00daltimo momento<img decoding=\"async\" class=\"alignnone size-full wp-image-13249 lazyload\" data-src=\"https:\/\/ecosdelsur.com\/wp-content\/uploads\/2024\/01\/WhatsApp-Image-2024-01-07-at-14.52.10.jpeg\" alt=\"\" width=\"828\" height=\"502\" data-srcset=\"https:\/\/ecosdelsur.com\/wp-content\/uploads\/2024\/01\/WhatsApp-Image-2024-01-07-at-14.52.10.jpeg 828w, https:\/\/ecosdelsur.com\/wp-content\/uploads\/2024\/01\/WhatsApp-Image-2024-01-07-at-14.52.10-300x182.jpeg 300w, https:\/\/ecosdelsur.com\/wp-content\/uploads\/2024\/01\/WhatsApp-Image-2024-01-07-at-14.52.10-768x466.jpeg 768w\" data-sizes=\"(max-width: 828px) 100vw, 828px\" src=\"data:image\/svg+xml;base64,PHN2ZyB3aWR0aD0iMSIgaGVpZ2h0PSIxIiB4bWxucz0iaHR0cDovL3d3dy53My5vcmcvMjAwMC9zdmciPjwvc3ZnPg==\" style=\"--smush-placeholder-width: 828px; --smush-placeholder-aspect-ratio: 828\/502;\" \/><\/p>\n<p>A las 12.50 horas \u00a0del este domingo personal de la DDI Caleta Olivia procedi\u00f3 a la detenci\u00f3n car\u00e1cter incomunicado de una persona (sexo masculino de 30 a\u00f1os de edad ) quien en horas de la madrugada hab\u00eda participado en un hecho de robo de una vivienda en cercan\u00edas de la calle San Jos\u00e9 Obrero al 3000 de esta ciudad. Una vez realizada las diligencia de rigor el Juez del Juzgado instrucci\u00f3n N\u00b01 orden\u00f3 su detenci\u00f3n para que en el d\u00eda lunes sea indagado, por ahora el individuo fue\u00a0 alojado en Comisar\u00eda Seccional Primera en el B\u00b0 Lucila Ortiz de Caleta Olivia<\/p>\n","protected":false},"excerpt":{"rendered":"<p>07\/01\/2023- Policiales en Ecos del Sur &#8211; \u00daltimo momento A las 12.50 horas \u00a0del este domingo personal de la DDI<\/p>\n","protected":false},"author":8,"featured_media":13249,"comment_status":"open","ping_status":"closed","sticky":false,"template":"","format":"standard","meta":{"footnotes":""},"categories":[36],"tags":[],"class_list":["post-13248","post","type-post","status-publish","format-standard","has-post-thumbnail","hentry","category-policiales"],"_links":{"self":[{"href":"https:\/\/ecosdelsur.com\/index.php?rest_route=\/wp\/v2\/posts\/13248","targetHints":{"allow":["GET"]}}],"collection":[{"href":"https:\/\/ecosdelsur.com\/index.php?rest_route=\/wp\/v2\/posts"}],"about":[{"href":"https:\/\/ecosdelsur.com\/index.php?rest_route=\/wp\/v2\/types\/post"}],"author":[{"embeddable":true,"href":"https:\/\/ecosdelsur.com\/index.php?rest_route=\/wp\/v2\/users\/8"}],"replies":[{"embeddable":true,"href":"https:\/\/ecosdelsur.com\/index.php?rest_route=%2Fwp%2Fv2%2Fcomments&post=13248"}],"version-history":[{"count":0,"href":"https:\/\/ecosdelsur.com\/index.php?rest_route=\/wp\/v2\/posts\/13248\/revisions"}],"wp:featuredmedia":[{"embeddable":true,"href":"https:\/\/ecosdelsur.com\/index.php?rest_route=\/wp\/v2\/media\/13249"}],"wp:attachment":[{"href":"https:\/\/ecosdelsur.com\/index.php?rest_route=%2Fwp%2Fv2%2Fmedia&parent=13248"}],"wp:term":[{"taxonomy":"category","embeddable":true,"href":"https:\/\/ecosdelsur.com\/index.php?rest_route=%2Fwp%2Fv2%2Fcategories&post=13248"},{"taxonomy":"post_tag","embeddable":true,"href":"https:\/\/ecosdelsur.com\/index.php?rest_route=%2Fwp%2Fv2%2Ftags&post=13248"}],"curies":[{"name":"wp","href":"https:\/\/api.w.org\/{rel}","templated":true}]}}