{"id":13241,"date":"2024-01-07T18:35:24","date_gmt":"2024-01-07T18:35:24","guid":{"rendered":"https:\/\/ecosdelsur.com\/?p=13241"},"modified":"2024-01-07T18:52:11","modified_gmt":"2024-01-07T18:52:11","slug":"caleta-olivia-recupera-su-compromiso-malvinero","status":"publish","type":"post","link":"https:\/\/ecosdelsur.com\/?p=13241","title":{"rendered":"Caleta Olivia recupera su compromiso Malvinero"},"content":{"rendered":"<p>07\/01\/2023-En su despacho el Intendente Pablo Carrizo recibi\u00f3 a los integrantes de la Agrupaci\u00f3n Malvinera \u201cProhibido Olvidar\u201d a quienes les confirm\u00f3 que se recuperar\u00e1 la fecha del 9 de julio para que veteranos de la Guerra de Malvinas lleguen a nuestra ciudad para la Reafirmaci\u00f3n de la Jura de Lealtad a la Bandera.<img decoding=\"async\" class=\"alignnone size-full wp-image-13245 lazyload\" data-src=\"https:\/\/ecosdelsur.com\/wp-content\/uploads\/2024\/01\/WhatsApp-Image-2024-01-07-at-11.34.37.jpeg\" alt=\"\" width=\"800\" height=\"467\" data-srcset=\"https:\/\/ecosdelsur.com\/wp-content\/uploads\/2024\/01\/WhatsApp-Image-2024-01-07-at-11.34.37.jpeg 800w, https:\/\/ecosdelsur.com\/wp-content\/uploads\/2024\/01\/WhatsApp-Image-2024-01-07-at-11.34.37-300x175.jpeg 300w, https:\/\/ecosdelsur.com\/wp-content\/uploads\/2024\/01\/WhatsApp-Image-2024-01-07-at-11.34.37-768x448.jpeg 768w\" data-sizes=\"(max-width: 800px) 100vw, 800px\" src=\"data:image\/svg+xml;base64,PHN2ZyB3aWR0aD0iMSIgaGVpZ2h0PSIxIiB4bWxucz0iaHR0cDovL3d3dy53My5vcmcvMjAwMC9zdmciPjwvc3ZnPg==\" style=\"--smush-placeholder-width: 800px; --smush-placeholder-aspect-ratio: 800\/467;\" \/><\/p>\n<p>\u201cSoy Malvinero y tengo un compromiso gigante con la causa\u201d, les dijo el Intendente de Caleta Olivia Pablo Carrizo a los miembros de la Agrupaci\u00f3n \u201cProhibido Olvidar\u201d al momento de recibirlos en su despacho para compartir una amena conversaci\u00f3n acompa\u00f1ado por la diputada Iris Rasgido y todo el gabinete comunal.<img decoding=\"async\" class=\"alignnone size-full wp-image-13244 lazyload\" data-src=\"https:\/\/ecosdelsur.com\/wp-content\/uploads\/2024\/01\/WhatsApp-Image-2024-01-07-at-11.34.36.jpeg\" alt=\"\" width=\"800\" height=\"532\" data-srcset=\"https:\/\/ecosdelsur.com\/wp-content\/uploads\/2024\/01\/WhatsApp-Image-2024-01-07-at-11.34.36.jpeg 800w, https:\/\/ecosdelsur.com\/wp-content\/uploads\/2024\/01\/WhatsApp-Image-2024-01-07-at-11.34.36-300x200.jpeg 300w, https:\/\/ecosdelsur.com\/wp-content\/uploads\/2024\/01\/WhatsApp-Image-2024-01-07-at-11.34.36-768x511.jpeg 768w\" data-sizes=\"(max-width: 800px) 100vw, 800px\" src=\"data:image\/svg+xml;base64,PHN2ZyB3aWR0aD0iMSIgaGVpZ2h0PSIxIiB4bWxucz0iaHR0cDovL3d3dy53My5vcmcvMjAwMC9zdmciPjwvc3ZnPg==\" style=\"--smush-placeholder-width: 800px; --smush-placeholder-aspect-ratio: 800\/532;\" \/><\/p>\n<p>La ocasi\u00f3n sirvi\u00f3 para que se le hiciera entrega al primer mandatario de un cuadro con la imagen que representa a la agrupaci\u00f3n que naci\u00f3 en la EPP N\u00b0 36 como un proyecto escolar, y que luego se extendi\u00f3 a toda la comunidad. De la reuni\u00f3n tambi\u00e9n particip\u00f3 el VGM Pablo Carrizo quien fue el encargado de contarle al jefe comunal como trabajan, y cu\u00e1les son sus proyectos para el 2024.<img decoding=\"async\" class=\"alignnone size-full wp-image-13243 lazyload\" data-src=\"https:\/\/ecosdelsur.com\/wp-content\/uploads\/2024\/01\/WhatsApp-Image-2024-01-07-at-11.34.36-1.jpeg\" alt=\"\" width=\"800\" height=\"507\" data-srcset=\"https:\/\/ecosdelsur.com\/wp-content\/uploads\/2024\/01\/WhatsApp-Image-2024-01-07-at-11.34.36-1.jpeg 800w, https:\/\/ecosdelsur.com\/wp-content\/uploads\/2024\/01\/WhatsApp-Image-2024-01-07-at-11.34.36-1-300x190.jpeg 300w, https:\/\/ecosdelsur.com\/wp-content\/uploads\/2024\/01\/WhatsApp-Image-2024-01-07-at-11.34.36-1-768x487.jpeg 768w\" data-sizes=\"(max-width: 800px) 100vw, 800px\" src=\"data:image\/svg+xml;base64,PHN2ZyB3aWR0aD0iMSIgaGVpZ2h0PSIxIiB4bWxucz0iaHR0cDovL3d3dy53My5vcmcvMjAwMC9zdmciPjwvc3ZnPg==\" style=\"--smush-placeholder-width: 800px; --smush-placeholder-aspect-ratio: 800\/507;\" \/><\/p>\n<p>En ese contexto, el Veterano de Malvinas record\u00f3 lo que se vivi\u00f3 por algunos a\u00f1os cuando llegaban a la ciudad veteranos de todo el pa\u00eds para el 9 de julio desfilar en la costanera local y adem\u00e1s reafirmar la Jura de Lealtad a la Bandera. El Intendente de Caleta Olivia se comprometi\u00f3 a recuperar este evento que es simb\u00f3lico por lo que representan las Islas Malvinas para los caletenses.<\/p>\n<p>Fue el propio VGM Pablo Carrizo quien hizo entrega al jefe comunal de varios souvenirs que luego fueron repartidos entre los miembros del gabinete y la legisladora provincial quien particip\u00f3 de todo el encuentro y aval\u00f3 cada una de las acciones que se realizar\u00e1n.<br \/>\nPara el Intendente, y seg\u00fan lo dijo en el encuentro, la causa Malvinas lo moviliza y considera que es necesario continuar malvinizando, \u201cpor eso mi compromiso y de todo el equipo para que se pueda recuperar el acto con la presencia de los Veteranos de todo el pa\u00eds en nuestra Caleta\u201d, y agreg\u00f3: \u201cla situaci\u00f3n econ\u00f3mica es compleja, pero sabemos lo que significa Malvinas y creo que es un evento que hay que recuperar y darle la real importancia que se merece\u201d.<\/p>\n<p>Por su parte, el VGM Pablo Carrizo le coment\u00f3 al jefe comunal el origen de la Agrupaci\u00f3n \u201cProhibido Olvidar\u201d, de c\u00f3mo trabajan, de cu\u00e1les son sus objetivos y de c\u00f3mo solventan sus acciones. \u201cEstamos contentos de estar ac\u00e1, de que nos haya recibido y de que haya atendido y escuchado de manera atenta lo que queremos\u201d, y asever\u00f3: \u201ca partir de ahora ya nos pondremos a trabajar para lograr que el 9 de julio se pueda hacer nuevamente el desfile que realmente es una acci\u00f3n que hizo que la ciudad sea vista como Malvinera\u201d.<\/p>\n","protected":false},"excerpt":{"rendered":"<p>07\/01\/2023-En su despacho el Intendente Pablo Carrizo recibi\u00f3 a los integrantes de la Agrupaci\u00f3n Malvinera \u201cProhibido Olvidar\u201d a quienes les<\/p>\n","protected":false},"author":8,"featured_media":13242,"comment_status":"open","ping_status":"closed","sticky":false,"template":"","format":"standard","meta":{"footnotes":""},"categories":[88],"tags":[],"class_list":["post-13241","post","type-post","status-publish","format-standard","has-post-thumbnail","hentry","category-cultura"],"_links":{"self":[{"href":"https:\/\/ecosdelsur.com\/index.php?rest_route=\/wp\/v2\/posts\/13241","targetHints":{"allow":["GET"]}}],"collection":[{"href":"https:\/\/ecosdelsur.com\/index.php?rest_route=\/wp\/v2\/posts"}],"about":[{"href":"https:\/\/ecosdelsur.com\/index.php?rest_route=\/wp\/v2\/types\/post"}],"author":[{"embeddable":true,"href":"https:\/\/ecosdelsur.com\/index.php?rest_route=\/wp\/v2\/users\/8"}],"replies":[{"embeddable":true,"href":"https:\/\/ecosdelsur.com\/index.php?rest_route=%2Fwp%2Fv2%2Fcomments&post=13241"}],"version-history":[{"count":0,"href":"https:\/\/ecosdelsur.com\/index.php?rest_route=\/wp\/v2\/posts\/13241\/revisions"}],"wp:featuredmedia":[{"embeddable":true,"href":"https:\/\/ecosdelsur.com\/index.php?rest_route=\/wp\/v2\/media\/13242"}],"wp:attachment":[{"href":"https:\/\/ecosdelsur.com\/index.php?rest_route=%2Fwp%2Fv2%2Fmedia&parent=13241"}],"wp:term":[{"taxonomy":"category","embeddable":true,"href":"https:\/\/ecosdelsur.com\/index.php?rest_route=%2Fwp%2Fv2%2Fcategories&post=13241"},{"taxonomy":"post_tag","embeddable":true,"href":"https:\/\/ecosdelsur.com\/index.php?rest_route=%2Fwp%2Fv2%2Ftags&post=13241"}],"curies":[{"name":"wp","href":"https:\/\/api.w.org\/{rel}","templated":true}]}}