{"id":1324,"date":"2023-05-14T06:00:56","date_gmt":"2023-05-14T06:00:56","guid":{"rendered":"https:\/\/ecosdelsur.com\/?p=1324"},"modified":"2023-05-14T06:05:03","modified_gmt":"2023-05-14T06:05:03","slug":"alicia-hay-que-escuchar-mas-a-los-chicos-y-las-chicas-porque-hacen-todo-con-una-mirada-colectiva","status":"publish","type":"post","link":"https:\/\/ecosdelsur.com\/?p=1324","title":{"rendered":"Alicia: \u201cHay que escuchar m\u00e1s a los chicos y las chicas porque hacen todo con una mirada colectiva\u201d"},"content":{"rendered":"<div class=\"itemIntroText\">La gobernadora Alicia Kirchner encabez\u00f3 la ceremonia de cierre de la \u00a0primera sesi\u00f3n el Consejo Consultivo de Adolescentes de Santa Cruz, en las instalaciones de la Planta Estable 17 de Octubre en El Calafate. Es importante resaltar que durante tres jornadas chicos y chicas de todas las localidades de la provincia hicieron escuchar sus voces y de ese modo se pudo avanzar en la conformaci\u00f3n de este nuevo espacio.<\/div>\n<div class=\"itemFullText\">\n<p>Durante la ceremonia, la mandataria provincial fue acompa\u00f1ada por la ministra de Desarrollo Social, Bel\u00e9n Garc\u00eda; el secretario Nacional de Ni\u00f1ez Adolescencia y Familia, Gabriel Lerner; y la secretaria de Estado de Ni\u00f1ez, Adolescencia y Familia, Silvana Hevia.<\/p>\n<p>En ese marco, las autoridades presentes resaltaron la importancia de este tipo de encuentros y se llev\u00f3 adelante la firma del convenio \u201cProyecto Consejo Provincial de Adolescentes de Santa Cruz -\u201cTu Voz, Escuchando A Las Adolescencias\u201d; y de la orden de pago para el equipamiento deportivo y recreativo para ni\u00f1os, ni\u00f1as y adolescentes de la planta estable \u201c17 de Octubre\u201d. Asimismo, se rubric\u00f3 un convenio en el marco Programa de Atenci\u00f3n Integral para la Ni\u00f1ez y Adolescencia, con el Municipio de El Calafate.<\/p>\n<p>\u201cLo que define esta reuni\u00f3n son los aportes interesantes de los j\u00f3venes que siempre buscan mejorar su calidad de vida y sus actividades diarias\u201d, dijo la gobernadora, Alicia Kirchner.<\/p>\n<p>\u201cLos j\u00f3venes hacen todo esto, no con un criterio individualista; sino, m\u00e1s bien, con la mirada colectiva\u201d destac\u00f3, pidiendo por esto \u201cescuchar m\u00e1s a nuestros chicos y chicas\u201d.<\/p>\n<p>Asimismo, la mandataria habl\u00f3 acerca de \u201cla recuperaci\u00f3n de un espacio tan importante como la planta estable del Lago Roca\u201d y \u201cdel aporte recibido de la Secretar\u00eda Nacional de Ni\u00f1ez, Adolescencia, y Familia\u201d observando finalmente que \u201cesto abre una puerta muy importante para la juventud santacruce\u00f1a\u201d.<\/p>\n<p>Adem\u00e1s estuvieron presentes en el acto, la directora Nacional de Sistemas de Protecci\u00f3n Mariana Melgarejo; el subsecretario de Derechos para la Ni\u00f1ez, Adolescencia y Familia, Mariano Luongo; y la directora Nacional de Promoci\u00f3n y Protecci\u00f3n Integral, \u00a0Alejandra Shanahan; e integrantes del Ministerio de Desarrollo Social de Santa Cruz.<\/p>\n<p><strong>Fuente: AMA Santa Cruz<\/strong><\/p>\n<\/div>\n","protected":false},"excerpt":{"rendered":"<p>La gobernadora Alicia Kirchner encabez\u00f3 la ceremonia de cierre de la \u00a0primera sesi\u00f3n el Consejo Consultivo de Adolescentes de Santa<\/p>\n","protected":false},"author":8,"featured_media":1326,"comment_status":"open","ping_status":"closed","sticky":false,"template":"","format":"standard","meta":{"footnotes":""},"categories":[35],"tags":[],"class_list":["post-1324","post","type-post","status-publish","format-standard","has-post-thumbnail","hentry","category-sociedad"],"_links":{"self":[{"href":"https:\/\/ecosdelsur.com\/index.php?rest_route=\/wp\/v2\/posts\/1324","targetHints":{"allow":["GET"]}}],"collection":[{"href":"https:\/\/ecosdelsur.com\/index.php?rest_route=\/wp\/v2\/posts"}],"about":[{"href":"https:\/\/ecosdelsur.com\/index.php?rest_route=\/wp\/v2\/types\/post"}],"author":[{"embeddable":true,"href":"https:\/\/ecosdelsur.com\/index.php?rest_route=\/wp\/v2\/users\/8"}],"replies":[{"embeddable":true,"href":"https:\/\/ecosdelsur.com\/index.php?rest_route=%2Fwp%2Fv2%2Fcomments&post=1324"}],"version-history":[{"count":0,"href":"https:\/\/ecosdelsur.com\/index.php?rest_route=\/wp\/v2\/posts\/1324\/revisions"}],"wp:featuredmedia":[{"embeddable":true,"href":"https:\/\/ecosdelsur.com\/index.php?rest_route=\/wp\/v2\/media\/1326"}],"wp:attachment":[{"href":"https:\/\/ecosdelsur.com\/index.php?rest_route=%2Fwp%2Fv2%2Fmedia&parent=1324"}],"wp:term":[{"taxonomy":"category","embeddable":true,"href":"https:\/\/ecosdelsur.com\/index.php?rest_route=%2Fwp%2Fv2%2Fcategories&post=1324"},{"taxonomy":"post_tag","embeddable":true,"href":"https:\/\/ecosdelsur.com\/index.php?rest_route=%2Fwp%2Fv2%2Ftags&post=1324"}],"curies":[{"name":"wp","href":"https:\/\/api.w.org\/{rel}","templated":true}]}}